{"id":3881,"date":"2010-07-07T11:48:26","date_gmt":"2010-07-07T09:48:26","guid":{"rendered":""},"modified":"2010-07-07T11:48:26","modified_gmt":"2010-07-07T09:48:26","slug":"3881","status":"publish","type":"post","link":"https:\/\/camerfeeling.fr.fo\/fr\/3881\/","title":{"rendered":"FORUM ECONOMIQUE ET COMMERCIAL AVEC LA DIASPORA"},"content":{"rendered":"\n\n\n<p>Le Gouvernement camerounais organisera du 11 au 13 ao\u00fbt 2010, au Palais des Congr\u00e8s de Yaound\u00e9, le \u00ab\u00a0Forum \u00c9conomique et Commercial avec la Diaspora\u00a0\u00bb.<br \/>\nL&rsquo;objectif de ce Forum est d&rsquo;amener la diaspora camerounaise \u00e0 participer de mani\u00e8re plus significative au d\u00e9veloppement \u00e9conomique et social de notre pays.  &#8211; <\/p>\n<p>Le Ministre du Commerce du Cameroun, Luc Magloire  Mbarga  Atangana,  informe la presse  nationale et internationale de l&rsquo;organisation, sous  le haut patronage du Pr&eacute;sident de la R&eacute;publique, M. Paul BIYA, du 1er  Forum Economique et Commercial avec  la Diaspora sur le th&egrave;me : &laquo; La  Diaspora camerounaise, un v&eacute;ritable acteur du d&eacute;veloppement &raquo;.<\/p>\n<p>&nbsp;<\/p>\n<p>Cette concertation, dans le sillage des actions structurelles de  mobilisation de la diaspora camerounaise, amplifi&eacute;e par la rencontre  du  29 juillet 2009 &agrave; Paris, entre le Pr&eacute;sident de la R&eacute;publique  et les  Camerounais de l&rsquo;ext&eacute;rieur, vise l&rsquo;objectif g&eacute;n&eacute;ral d&rsquo;amener la diaspora  camerounaise &agrave; participer de  mani&egrave;re plus significative au  d&eacute;veloppement &eacute;conomique et social de notre pays.<\/p>\n<p>&nbsp;<\/p>\n<p>De fa&ccedil;on sp&eacute;cifique, sous la forme d&rsquo;ateliers, la concertation portera  sur des &eacute;changes prospectifs et dynamiques dans une vis&eacute;e d&rsquo;aide &agrave; la  d&eacute;cision d&eacute;bouchant sur les points suivants : Propositions au plan  institutionnel ; Propositions au plan fiscal et r&eacute;glementaire ;  Implication de la diaspora pour une meilleure perception du Cameroun &agrave;  l&rsquo;&eacute;tranger<\/p>\n<p>&nbsp;<\/p>\n<p>Dans cette perspective, afin de garantir une approche globale,  structur&eacute;e et efficace, l&rsquo;ensemble des minist&egrave;res &agrave; vocation &eacute;conomique  et scientifique (Commerce, Pme, Economie sociale et Artisanat,  Programmation &eacute;conomique, etc&hellip;), des organismes parapublics, les  organisations consulaires et &eacute;conomiques, des entreprises, banques et  groupes industriels rencontreront les participants.<\/p>\n<p>&nbsp;<\/p>\n<p>Les t&eacute;moignages de Camerounais d&eacute;veloppant des projets ou, suivant leur  retour, ayant cr&eacute;&eacute; des entreprises, donneront une dimension pratique et  op&eacute;rationnelle.<\/p>\n<p>&nbsp;<\/p>\n<p>Des activit&eacute;s de valorisation et d&rsquo;animation, notamment une bourse des  projets et une foire exposition agr&eacute;menteront l&rsquo;&eacute;v&egrave;nement.<\/p>\n<p>&nbsp;<\/p>\n<p>L&rsquo;organisation du forum s&rsquo;appuie sur une r&eacute;flexion nourrie par l&rsquo;analyse  des &eacute;volutions mondiales en mati&egrave;re de transferts d&rsquo;argent et de la  probl&eacute;matique de la transformation de ces flux et de l&rsquo;&eacute;pargne des  migrants en investissements productifs.<\/p>\n<p>&nbsp;<\/p>\n<p>Les Camerounais de l&rsquo;ext&eacute;rieur  estim&eacute;s d&rsquo;apr&egrave;s le  Minist&egrave;re des  Relations Ext&eacute;rieures,  &agrave; environ quatre millions  vivent  et  travaillent &agrave; l&rsquo;&eacute;tranger, dont plus de deux millions  au Nigeria, sept  cent mille aux Etats-Unis, cinq cent mille au Gabon,  quarante  mille en  France, etc.<\/p>\n<p>&nbsp;<\/p>\n<p>Ces Camerounais, de par leurs qualit&eacute;s  ou le travail qu&rsquo;ils exercent,  peuvent constituer une force pour le d&eacute;veloppement du Cameroun au  travers des transferts de fonds, de cr&eacute;ations d&rsquo;entreprises, de  transferts de technologies et de savoir-faire, etc.<\/p>\n<p>&nbsp;<\/p>\n<p>Les transferts d&rsquo;argent que font les Camerounais de la diaspora sont  &eacute;valu&eacute;s &agrave; environ sept (07) milliards de FCFA par an, qui servent  surtout au soutien des familles rest&eacute;es au pays et au financement du  petit commerce.<\/p>\n<p>&nbsp;<\/p>\n<p>D&rsquo;apr&egrave;s des chiffres en circulation, les Camerounais, chefs  d&rsquo;entreprises, install&eacute;s l&eacute;galement &agrave; l&rsquo;&eacute;tranger, d&eacute;gagent &agrave; eux seuls  un  chiffre d&rsquo;affaire annuel de l&rsquo;ordre de 550 millions de dollars. Des  sommes susceptibles de s&rsquo;investir dans leur pays.<\/p>\n","protected":false},"excerpt":{"rendered":"<p>Le Gouvernement camerounais organisera du 11 au 13 ao\u00fbt 2010, au Palais des Congr\u00e8s de Yaound\u00e9, le \u00ab\u00a0Forum \u00c9conomique et Commercial avec la Diaspora\u00a0\u00bb. L&rsquo;objectif de ce Forum est d&rsquo;amener la diaspora camerounaise \u00e0 participer de mani\u00e8re plus significative au d\u00e9veloppement \u00e9conomique et social de notre pays. &#8211; Le Ministre du Commerce du Cameroun, Luc [&hellip;]<\/p>\n","protected":false},"author":1,"featured_media":0,"comment_status":"open","ping_status":"open","sticky":false,"template":"","format":"standard","meta":{"_acf_changed":false,"footnotes":""},"categories":[],"tags":[],"adace-sponsor":[],"class_list":["post-3881","post","type-post","status-publish","format-standard","hentry"],"acf":[],"wps_subtitle":"","_links":{"self":[{"href":"https:\/\/camerfeeling.fr.fo\/fr\/wp-json\/wp\/v2\/posts\/3881","targetHints":{"allow":["GET"]}}],"collection":[{"href":"https:\/\/camerfeeling.fr.fo\/fr\/wp-json\/wp\/v2\/posts"}],"about":[{"href":"https:\/\/camerfeeling.fr.fo\/fr\/wp-json\/wp\/v2\/types\/post"}],"author":[{"embeddable":true,"href":"https:\/\/camerfeeling.fr.fo\/fr\/wp-json\/wp\/v2\/users\/1"}],"replies":[{"embeddable":true,"href":"https:\/\/camerfeeling.fr.fo\/fr\/wp-json\/wp\/v2\/comments?post=3881"}],"version-history":[{"count":0,"href":"https:\/\/camerfeeling.fr.fo\/fr\/wp-json\/wp\/v2\/posts\/3881\/revisions"}],"wp:attachment":[{"href":"https:\/\/camerfeeling.fr.fo\/fr\/wp-json\/wp\/v2\/media?parent=3881"}],"wp:term":[{"taxonomy":"category","embeddable":true,"href":"https:\/\/camerfeeling.fr.fo\/fr\/wp-json\/wp\/v2\/categories?post=3881"},{"taxonomy":"post_tag","embeddable":true,"href":"https:\/\/camerfeeling.fr.fo\/fr\/wp-json\/wp\/v2\/tags?post=3881"},{"taxonomy":"adace-sponsor","embeddable":true,"href":"https:\/\/camerfeeling.fr.fo\/fr\/wp-json\/wp\/v2\/adace-sponsor?post=3881"}],"curies":[{"name":"wp","href":"https:\/\/api.w.org\/{rel}","templated":true}]}}