{"id":4139,"date":"2010-12-29T11:12:13","date_gmt":"2010-12-29T10:12:13","guid":{"rendered":""},"modified":"2010-12-29T11:12:13","modified_gmt":"2010-12-29T09:12:13","slug":"4139","status":"publish","type":"post","link":"https:\/\/camerfeeling.fr.fo\/fr\/4139\/","title":{"rendered":"Jean-Pierre Bekolo :\u00abSi nous ne sommes pas entendus, nous proposerons un artiste comme candidat \u00bb"},"content":{"rendered":"\n\n\n<p>Suffisamment alerte et attentif \u00e0 tout ce qui se passe autour de lui, le cin\u00e9aste camerounais est convaincu qu\u2019avec une sacr\u00e9e dose de bonne volont\u00e9, son pays peut choisir une destin\u00e9e meilleure. &#8211; <\/p>\n<p>\n<strong><span style=\"font-size: 12pt; font-family: &quot;Times New Roman&quot;;\">Vous venez de mettre sur pied une association d&eacute;nomm&eacute;e talent coalition, de quoi est-il question?<\/span><\/strong><\/p>\n<p class=\"MsoNormal\">&nbsp;<\/p>\n<p><span style=\"font-size: 12pt; font-family: &quot;Times New Roman&quot;;\">J&rsquo;ai  eu envie de faire une proposition de solution aux probl&egrave;mes qui se  posent &agrave; nous dans notre pays en cr&eacute;ant une organisation qui nous aide &agrave;  nous appuyer sur le talent et le g&eacute;nie humain pour r&eacute;soudre nos  probl&egrave;mes. Parce que notre monde est le produit du g&eacute;nie et de la  cr&eacute;ativit&eacute; humaine; je suis convaincu que c&rsquo;est l&rsquo;Homme qui est capable  d&rsquo;apporter &agrave; notre pays, &agrave; notre continent les r&eacute;ponses dont il a besoin  au quotidien. Si j&rsquo;ai eu envie de cr&eacute;er une organisation c&rsquo;est parce  que j&rsquo;ai constat&eacute; que l&lsquo;Homme n&rsquo;est pas une priorit&eacute; dans notre soci&eacute;t&eacute;;  et son g&eacute;nie, son talent et sa cr&eacute;ativit&eacute; encore moins. Notre soci&eacute;t&eacute;  est dangereusement entrain de devenir hyper-mat&eacute;rialiste oubliant que  m&ecirc;me l&rsquo;argent apr&egrave;s lequel elle court et avant tout une invention  humaine. Il s&rsquo;agit au sein de la Talent<span style=\"\">&nbsp; <\/span>Coalition  d&rsquo;&oelig;uvrer pour remettre le talent, la cr&eacute;ativit&eacute; et la culture humaine  au centre du d&eacute;veloppement de notre pays et des pays africains en  g&eacute;n&eacute;ral.<\/span><\/p>\n<p class=\"MsoNormal\">&nbsp;<\/p>\n<p class=\"MsoNormal\">&nbsp;<\/p>\n<p><strong><span style=\"font-size: 12pt; font-family: &quot;Times New Roman&quot;;\">Au  nom de cette association, vous proposez un manifeste qui r&eacute;sume un  certain nombre de propositions, pouvez-vous nous en dire plus?<\/span><\/strong><\/p>\n<p class=\"MsoNormal\">&nbsp;<\/p>\n<p><span style=\"font-size: 12pt; font-family: &quot;Times New Roman&quot;;\">Nous  avons produit un texte sous forme d&rsquo;un petit livre permettant &agrave; tous de  se retrouver dans notre approche. Parce que notre objectif est avant  tout d&rsquo;am&eacute;liorer notre soci&eacute;t&eacute;, il est important de formuler &agrave;  l&rsquo;attention de ceux qui ont ou auront la charge de g&eacute;rer nos pays des  propositions d&rsquo;actions claires et pr&eacute;cises issues de longues r&eacute;flexions.  Vous savez que la plupart des id&eacute;es appliqu&eacute;es dans nos pays ne sont  pas le fruit de nos r&eacute;flexions. Pourtant Dieu seul sait que nous avons  des id&eacute;es.<\/span><\/p>\n<p class=\"MsoNormal\">&nbsp;<\/p>\n<p class=\"MsoNormal\">&nbsp;<\/p>\n<p><strong><span style=\"font-size: 12pt; font-family: &quot;Times New Roman&quot;;\">A qui s&rsquo;adresse pr&eacute;cis&eacute;ment ce manifeste?<\/span><\/strong><\/p>\n<p class=\"MsoNormal\">&nbsp;<\/p>\n<p><span style=\"font-size: 12pt; font-family: &quot;Times New Roman&quot;;\">A  tous ceux qui connaissent des personnes qui ont un talent mais ne  peuvent l&rsquo;exercer dans notre pays et sont oblig&eacute;s soit de le r&eacute;primer  soit de s&rsquo;exiler pour aller l&rsquo;exprimer sous d&rsquo;autres cieux comme c&rsquo;est  la mode actuellement. Et ce n&rsquo;est pas normal. Il faudrait que les  camerounais talentueux et cr&eacute;atifs puissent trouver leur place dans  notre soci&eacute;t&eacute; et vivre de leur cr&eacute;ativit&eacute; et de leur talent, pour cela,  il faudrait commencer par le dire &ldquo;par &eacute;crit&rdquo; pour que ensemble on  puisse en discuter afin de trouver la mani&egrave;re d&rsquo;y rem&eacute;dier.<\/span><\/p>\n<p class=\"MsoNormal\">&nbsp;<\/p>\n<p class=\"MsoNormal\">&nbsp;<\/p>\n<p><strong><span style=\"font-size: 12pt; font-family: &quot;Times New Roman&quot;;\">L&rsquo;&eacute;l&eacute;ment  le plus significatif de ce document se trouve &ecirc;tre &lsquo;Le Pacte Culturel&rsquo;  que vous comptez soumettre aux diff&eacute;rents candidats &agrave; la prochaine  &eacute;lection pr&eacute;sidentielle&hellip;<\/span><\/strong><\/p>\n<p class=\"MsoNormal\">&nbsp;<\/p>\n<p><span style=\"font-size: 12pt; font-family: &quot;Times New Roman&quot;;\">Oui<span style=\"\">&nbsp; <\/span>c&rsquo;est  notre fa&ccedil;on d&rsquo;apporter notre contribution &agrave; l&rsquo;&eacute;difice national. Nous  proposons aux candidats de s&rsquo;engager &agrave; inscrire la culture dans leur  projet politique de mani&egrave;re significative car il ne fait aucun doute  aujourd&rsquo;hui que la culture qui est le fruit du g&eacute;nie humain par  excellence<span style=\"\">&nbsp; <\/span>est abandonn&eacute;e. Par exemple, la  culture ne doit plus &ecirc;tre le fait du seul Minist&egrave;re de la culture; tous  les minist&egrave;res, toutes les entreprises et toutes les organisations  doivent en faire une priorit&eacute;. Vous savez le projet colonial &eacute;tait avant  tout un projet culturel au sens o&ugrave; le colonisateur avait d&eacute;cid&eacute; de nous  faire changer de culture, nous changer de langue, de d&rsquo;&eacute;conomie, de  justice, d&rsquo;&eacute;ducation etc. Tout v&eacute;ritable projet de d&eacute;veloppement  africain passe par la culture. Notre r&ecirc;ve est de voir notre pays devenir  la premi&egrave;re R&eacute;publique Culturelle au monde comme il y a des R&eacute;publiques  Islamiques.<span style=\"\">&nbsp; <\/span><\/span><\/p>\n<p class=\"MsoNormal\">&nbsp;<\/p>\n<p class=\"MsoNormal\">&nbsp;<\/p>\n<p><strong><span style=\"font-size: 12pt; font-family: &quot;Times New Roman&quot;;\">Comment comptez-vous faire parvenir le manifeste aux diff&eacute;rents candidats ?<\/p>\n<p><\/span><\/strong><\/p>\n<p>&nbsp;<\/p>\n<p><span style=\"font-size: 12pt; font-family: &quot;Times New Roman&quot;;\">Ils ont des adresses pour recevoir des courriers non?<\/span><\/p>\n<p class=\"MsoNormal\">&nbsp;<\/p>\n<p class=\"MsoNormal\">&nbsp;<\/p>\n<p><strong><span style=\"font-size: 12pt; font-family: &quot;Times New Roman&quot;;\">En  2004 &agrave; l&rsquo;occasion de la derni&egrave;re &eacute;lection pr&eacute;sidentielle, un groupe de  femmes &lsquo;les crieuses&rsquo; a proc&eacute;d&eacute; de la m&ecirc;me mani&egrave;re que vous, pour que  les discriminations faites aux femmes soient prises en compte. Mais leur  cri ne semble pas &ecirc;tre all&eacute; loin. Que comptez-vous faire si vous n&rsquo;&ecirc;tes  pas entendu ?<\/span><\/strong><\/p>\n<p class=\"MsoNormal\">&nbsp;<\/p>\n<p><span style=\"font-size: 12pt; font-family: &quot;Times New Roman&quot;;\">Je  salue ce genre d&rsquo;initiatives qui devraient se multiplier car ce sont  des m&eacute;thodes qui encouragent le d&eacute;bat d&eacute;mocratique et &eacute;vitent que  d&rsquo;autres m&eacute;thodes moins d&eacute;mocratiques voient le jour. Je regrette que  &ldquo;les crieuses&rdquo; n&rsquo;aient pas &eacute;t&eacute; entendues. Si nous, nous ne sommes pas  entendus, nous n&rsquo;allons pas nous arr&ecirc;ter l&agrave;, nous allons aller jusqu&rsquo;&agrave;  proposer un artiste comme candidat &agrave; l&rsquo;&eacute;lection pr&eacute;sidentielle.<\/span><\/p>\n<p class=\"MsoNormal\">&nbsp;<\/p>\n<p class=\"MsoNormal\">&nbsp;<\/p>\n<p><strong><span style=\"font-size: 12pt; font-family: &quot;Times New Roman&quot;;\">Avez-vous des ambitions politiques ?<\/span><\/strong><\/p>\n<p class=\"MsoNormal\">&nbsp;<\/p>\n<p><span style=\"font-size: 12pt; font-family: &quot;Times New Roman&quot;;\">Si  essayer d&rsquo;apporter des r&eacute;ponses aux questions qui se posent &agrave; nous tous  c&rsquo;est avoir des ambitions politiques, oui. Mais pour rien au monde je  n&rsquo;abandonnerai le cin&eacute;ma. Entre &ecirc;tre un pr&eacute;sident africain et un  cin&eacute;aste de renomm&eacute; mondiale, mon choix est vite fait. Mais je n&rsquo;aurai  des ambitions politiques que si je peux exercer dans mon pays le m&eacute;tier  qui me passionne. Et j&rsquo;invite tous ceux qui sont dans le m&ecirc;me cas &agrave;  faire de m&ecirc;me. <\/span><\/p>\n<p class=\"MsoNormal\">&nbsp;<\/p>\n<p class=\"MsoNormal\">&nbsp;<\/p>\n<p><strong><span style=\"font-size: 12pt; font-family: &quot;Times New Roman&quot;;\">Vous  parlez d&rsquo;une R&eacute;publique culturelle dans un pays o&ugrave; le taux de ch&ocirc;mage  des jeunes est sans cesse grandissant. Que leur proposez-vous?<\/span><\/strong><\/p>\n<p class=\"MsoNormal\">&nbsp;<\/p>\n<p><span style=\"font-size: 12pt; font-family: &quot;Times New Roman&quot;;\">O&ugrave;  allez-vous employer tous ces jeunes que nous voyons dans nos villes?  Dans les mines de fer? Dans les plantations? Ils font d&eacute;j&agrave; ce qu&rsquo;ils  veulent faire. Moi je les vois tous les jours ils veulent faire du  cin&eacute;ma, de la musique, de la mode, de la d&eacute;coration, des graphismes, de  la photo, Internet, la 3D etc. Quand j&rsquo;ai initi&eacute; le film sur Samuel  Eto&rsquo;o c&rsquo;&eacute;tait pour ouvrir une voie professionnelle pour tous nos jeunes  sur le march&eacute; mondial. Le film co&ucirc;tait 6 millions d&rsquo;euros et devait en  rapporter 17 millions. En plus c&rsquo;&eacute;tait un produit qui allait ouvrir<span style=\"\">&nbsp; <\/span>tous  ces jeunes camerounais au march&eacute; de la prestation de service mondiale  tr&egrave;s porteur. Quand vous voyez le graphisme du lion sur maillot des  Lions Indomptables, c&rsquo;est un jeune graphiste allemand qui l&rsquo;a fait pour  Puma pourtant ce n&rsquo;est pas la cr&eacute;ativit&eacute; qui manque au Cameroun. C&rsquo;est  l&agrave; que se trouvent les emplois de demain et nous voulons que notre pays  s&rsquo;inscrive dans cette &eacute;conomie mondiale immat&eacute;rielle et ne se contente  plus de l&rsquo;&eacute;conomie des mati&egrave;res premi&egrave;res. <\/span><\/p>\n<p class=\"MsoNormal\">&nbsp;<\/p>\n<p class=\"MsoNormal\">&nbsp;<\/p>\n<p><strong><span style=\"font-size: 12pt; font-family: &quot;Times New Roman&quot;;\">Doit-on comprendre qu&rsquo;on ne peut plus envisager le d&eacute;veloppement du Cameroun sans s&rsquo;investir dans l&rsquo;&eacute;conomie immat&eacute;rielle ?<\/span><\/strong><\/p>\n<p class=\"MsoNormal\">&nbsp;<\/p>\n<p><span style=\"font-size: 12pt; font-family: &quot;Times New Roman&quot;;\">C&rsquo;est  une &eacute;conomie qui va plus vite gr&acirc;ce &agrave; la technologie et qui est  mondialis&eacute;e car elle n&rsquo;est pas soumise aux contraintes physiques de  l&rsquo;&eacute;conomie mat&eacute;rielle. Une musique, une photo, un dessin se transporte  plus rapidement aujourd&rsquo;hui qu&rsquo;un r&eacute;gime de plantain car elle passe par  Internet et son achat par carte bancaire ou PayPal &agrave; l&rsquo;autre bout du  monde est instantan&eacute;e. Quelqu&rsquo;un disait qu&rsquo;on est tous &eacute;gaux devant  Internet.<\/span><\/p>\n<p class=\"MsoNormal\">&nbsp;<\/p>\n<p class=\"MsoNormal\">&nbsp;<\/p>\n<p><strong><span style=\"font-size: 12pt; font-family: &quot;Times New Roman&quot;;\">En  parlant d&rsquo;&eacute;conomie immat&eacute;rielle, vous dites &laquo; nous avons voulu faire de  l&rsquo;arriv&eacute;e du Camerounais dans la sc&egrave;ne internationale, un &eacute;v&egrave;nement &raquo;.  Que sous-entend ce propos ?<\/span><\/strong><\/p>\n<p class=\"MsoNormal\">&nbsp;<\/p>\n<p><span style=\"font-size: 12pt; font-family: &quot;Times New Roman&quot;;\">Nous  brillons par notre absence dans l&rsquo;&eacute;conomie mondiale. L&rsquo;entr&eacute;e d&rsquo;un pays  comme le Cameroun avec son offre unique et originale m&eacute;rite une mise en  sc&egrave;ne &laquo; marketing &raquo; un peu comme quand Apple lance son iPad.<\/span><\/p>\n<p class=\"MsoNormal\">&nbsp;<\/p>\n<p class=\"MsoNormal\">&nbsp;<\/p>\n<p><strong><span style=\"font-size: 12pt; font-family: &quot;Times New Roman&quot;;\">Le 10&egrave;me point du &lsquo;Pacte Culturel&rsquo; parle d&rsquo;ouvrir une maison des talents de l&rsquo;&eacute;tranger, vous pensez &agrave; quoi exactement ?<span style=\"\">&nbsp; <\/span><\/span><\/strong><\/p>\n<p class=\"MsoNormal\">&nbsp;<\/p>\n<p><span style=\"font-size: 12pt; font-family: &quot;Times New Roman&quot;;\">En  effet il est urgent, &agrave; d&eacute;faut de faire revenir les talents et  comp&eacute;tences qui ont &eacute;t&eacute; oblig&eacute;s de s&rsquo;exiler &agrave; l&rsquo;&eacute;tranger, de cr&eacute;er une  plateforme leur permettant d&rsquo;apporter &agrave; leur pays leur savoir faire. Je  voyage beaucoup &agrave; l&rsquo;&eacute;tranger et je rencontre beaucoup<span style=\"\">&nbsp; <\/span>de  camerounais, il ne demande qu&rsquo;une chose; apporter &agrave; leur pays tout ce  qu&rsquo;ils ont accumul&eacute; comme exp&eacute;rience, nous devons les aider, c&rsquo;est  l&rsquo;objectif de La maison des talents de l&rsquo;&eacute;tranger. La maison des talents  de l&rsquo;&eacute;tranger est un centre d&rsquo;accueil et d&rsquo;information. Il y a d&rsquo;une  part l&rsquo;offre des talents et de l&rsquo;autre des besoins au sein des  institutions, des entreprises, des communaut&eacute;s et des personnes. Elle  fait de la mise en relation. Il s&rsquo;agit aussi se soutenir et  d&rsquo;accompagner les talents dans leur volont&eacute; d&rsquo;apporter leur savoir faire  au pays. <\/span><\/p>\n<p class=\"MsoNormal\">&nbsp;<\/p>\n<p class=\"MsoNormal\">&nbsp;<\/p>\n<p><strong><span style=\"font-size: 12pt; font-family: &quot;Times New Roman&quot;;\">Vos coll&egrave;gues sont-ils au courant de cette initiative?<\/span><\/strong><\/p>\n<p class=\"MsoNormal\">&nbsp;<\/p>\n<p><span style=\"font-size: 12pt; font-family: &quot;Times New Roman&quot;;\">Cette  initiative na&icirc;t des discussions que j&rsquo;ai eues depuis plusieurs mois  avec des amis et coll&egrave;gues du milieu de la culture ou proche. Le secteur  est dans une d&eacute;prime sans pr&eacute;c&eacute;dent et il n&rsquo;y a pas de perspectives. Il  n&rsquo;y a qu&rsquo;&agrave; voir tous ces artistes camerounais qui doivent aller vivre &agrave;  n&rsquo;importe quel prix en occident tout en sachant que leur public est  avant tout camerounais. L&rsquo;occident est devenu la seule protection de  l&rsquo;artiste abandonn&eacute; &agrave; lui m&ecirc;me sans politique culturelle dans son pays,  donc sans statut; pourtant Dieu seul sait combien de fois ces m&ecirc;mes  artistes nous ont permis de r&ecirc;ver et d&rsquo;esp&eacute;rer gr&acirc;ce &agrave; leur cr&eacute;ativit&eacute;.  Dans notre domaine du cin&eacute;ma, le sinistre est encore plus grave. Pas de  salles, pas de subventions, pas de production t&eacute;l&eacute;, pas de lutte contre  la piraterie. C&rsquo;est soit l&rsquo;exil soit un ch&ocirc;mage d&eacute;guis&eacute;. Vous comprenez  que nous disposons d&rsquo;assez de temps pour nous occuper de nous m&ecirc;mes.  J&rsquo;ai pr&eacute;sent&eacute; &agrave; des amis le projet de cr&eacute;ation d&rsquo;une organisation, ils  m&rsquo;ont tous encourag&eacute;.<\/span><\/p>\n<p class=\"MsoNormal\">&nbsp;<\/p>\n<p class=\"MsoNormal\">&nbsp;<\/p>\n<p><strong><span style=\"font-size: 12pt; font-family: &quot;Times New Roman&quot;;\">On  n&rsquo;a pas &eacute;t&eacute; habitu&eacute; &agrave; vous voir tr&egrave;s souvent au pays. Mais l&agrave; vous &ecirc;tes  &agrave; la t&ecirc;te d&rsquo;une association ambitieuse, pensez-vous vous installer  d&eacute;finitivement au bercail ?<\/span><\/strong><\/p>\n<p class=\"MsoNormal\">&nbsp;<\/p>\n<p><span style=\"font-size: 12pt; font-family: &quot;Times New Roman&quot;;\">J&rsquo;aimerais  b&eacute;n&eacute;ficier dans mon domaine du m&ecirc;me statut que les footballeurs.  Pouvoir &agrave; la fois d&eacute;fendre les couleurs nationales et aller &agrave; la  conqu&ecirc;te du monde o&ugrave; se jouent les grands matches du cin&eacute;ma mondial.  C&rsquo;est aussi le r&ocirc;le de la  Talent Coalition.  Le Cameroun et l&rsquo;Afrique sont les sujets que j&rsquo;adore traiter. Je fais  du cin&eacute;ma parce que je r&ecirc;ve qu&rsquo;un jour mon pays devienne un pays de  r&ecirc;ve. Ce pays m&rsquo;a permis d&rsquo;&ecirc;tre ce que je suis aujourd&rsquo;hui, il y a un  temps pour apprendre, un temps pour pratiquer ce qu&rsquo;on a appris et un  pour la transmission. M&ecirc;me si je continue &agrave; produire, je crois que je  dois d&eacute;sormais transmettre et participer gr&acirc;ce &agrave; tout ce que j&rsquo;ai appris  au d&eacute;veloppement de mon pays. Je viens de signer une convention avec  l&rsquo;Universit&eacute; de Yaound&eacute; I pour y d&eacute;velopper le cin&eacute;ma au sein d&rsquo;une  esp&egrave;ce de laboratoire de recherche.<\/span><\/p>\n<p class=\"MsoNormal\">&nbsp;<\/p>\n<p class=\"MsoNormal\">&nbsp;<\/p>\n<p><strong><span style=\"font-size: 12pt; font-family: &quot;Times New Roman&quot;;\">Il y a un moment on vous annon&ccedil;ait en tournage d&rsquo;un film sur Eto&rsquo;o Fils, qu&rsquo;est-ce qui a fait &eacute;chouer le projet ?<\/span><\/strong><\/p>\n<p class=\"MsoNormal\">&nbsp;<\/p>\n<p><span style=\"font-size: 12pt; font-family: &quot;Times New Roman&quot;;\">La  Talent<\/span><span style=\"font-size: 12pt; font-family: &quot;Times New Roman&quot;;\">  coalition na&icirc;t des m&ecirc;mes id&eacute;es qui m&rsquo;ont pouss&eacute; &agrave; imaginer un film sur  Eto&rsquo;o comme je l&rsquo;ai dit tout &agrave; l&rsquo;heure. Avec ce projet j&rsquo;ai pu faire un  constat amer : m&ecirc;me Eto&rsquo;o ne nous appartient plus, c&rsquo;est le prix de la  fuite des talents et g&eacute;nies de notre pays. Eto&rsquo;o m&eacute;rite mieux mais sa  limite est la limite de son manager. Mais entre temps, j&rsquo;ai<span style=\"\">&nbsp; <\/span>fait  un film sur la beaut&eacute; du Cameroun &lsquo;A continent called Cameroon&rsquo;, j&rsquo;ai  fait un film &agrave; partir d&rsquo;archives &lsquo;Les pieds nickel&eacute;s &agrave; l&rsquo;Elys&eacute;e&rsquo;, j&rsquo;ai  &eacute;cris un livre disponible au Cameroun &lsquo;Africa for the future&rsquo;, j&rsquo;ai fait  une installation vid&eacute;o au Quai Branly &lsquo;Une Africaine dans l&rsquo;espace&rsquo;.<\/span><\/p>\n<p class=\"MsoNormal\">&nbsp;<\/p>\n<p class=\"MsoNormal\">&nbsp;<\/p>\n<p><strong><span style=\"font-size: 12pt; font-family: &quot;Times New Roman&quot;;\">Justement, comment fait un cin&eacute;phile camerounais pour se procurer un de vos films ?<\/span><\/strong><\/p>\n<p class=\"MsoNormal\">&nbsp;<\/p>\n<p><span style=\"font-size: 12pt; font-family: &quot;Times New Roman&quot;;\">Chez  les pirates, non? Les centres culturels fran&ccedil;ais ont tous mes films,  des centaines d&rsquo;universit&eacute;s am&eacute;ricaines ont tous mes films. Nous avons  un Centre culturel camerounais non? Nous avons une t&eacute;l&eacute;vision nationale  non?<span style=\"\">&nbsp; <\/span>C&rsquo;est d&eacute;j&agrave; assez d&rsquo;&ecirc;tre  auteur-producteur-r&eacute;alisateur-distributeur non? Que chacun fasse son  travail! Alors que je devrais me concentrer sur un seul de ces m&eacute;tiers  comme &ccedil;a se fait normalement et permettre aux autres camerounais de  travailler. <\/span><\/p>\n<p class=\"MsoNormal\">&nbsp;<\/p>\n<p class=\"MsoNormal\">&nbsp;<\/p>\n<p><strong><span style=\"font-size: 12pt; font-family: &quot;Times New Roman&quot;;\">Jean-Pierre Bekolo est-il sur un projet cin&eacute;matographique ?<\/span><\/strong><\/p>\n<p class=\"MsoNormal\">&nbsp;<\/p>\n<p><span style=\"font-size: 12pt; font-family: &quot;Times New Roman&quot;;\">Toujours!<\/p>\n<p><\/span><span class=\"small\"> P&eacute;lagie Ng&rsquo;onana<\/span><\/p>\n","protected":false},"excerpt":{"rendered":"<p>Suffisamment alerte et attentif \u00e0 tout ce qui se passe autour de lui, le cin\u00e9aste camerounais est convaincu qu\u2019avec une sacr\u00e9e dose de bonne volont\u00e9, son pays peut choisir une destin\u00e9e meilleure. &#8211; Vous venez de mettre sur pied une association d&eacute;nomm&eacute;e talent coalition, de quoi est-il question? &nbsp; J&rsquo;ai eu envie de faire une [&hellip;]<\/p>\n","protected":false},"author":1,"featured_media":0,"comment_status":"open","ping_status":"open","sticky":false,"template":"","format":"standard","meta":{"_acf_changed":false,"footnotes":""},"categories":[],"tags":[],"adace-sponsor":[],"class_list":["post-4139","post","type-post","status-publish","format-standard","hentry"],"acf":[],"wps_subtitle":"","_links":{"self":[{"href":"https:\/\/camerfeeling.fr.fo\/fr\/wp-json\/wp\/v2\/posts\/4139","targetHints":{"allow":["GET"]}}],"collection":[{"href":"https:\/\/camerfeeling.fr.fo\/fr\/wp-json\/wp\/v2\/posts"}],"about":[{"href":"https:\/\/camerfeeling.fr.fo\/fr\/wp-json\/wp\/v2\/types\/post"}],"author":[{"embeddable":true,"href":"https:\/\/camerfeeling.fr.fo\/fr\/wp-json\/wp\/v2\/users\/1"}],"replies":[{"embeddable":true,"href":"https:\/\/camerfeeling.fr.fo\/fr\/wp-json\/wp\/v2\/comments?post=4139"}],"version-history":[{"count":0,"href":"https:\/\/camerfeeling.fr.fo\/fr\/wp-json\/wp\/v2\/posts\/4139\/revisions"}],"wp:attachment":[{"href":"https:\/\/camerfeeling.fr.fo\/fr\/wp-json\/wp\/v2\/media?parent=4139"}],"wp:term":[{"taxonomy":"category","embeddable":true,"href":"https:\/\/camerfeeling.fr.fo\/fr\/wp-json\/wp\/v2\/categories?post=4139"},{"taxonomy":"post_tag","embeddable":true,"href":"https:\/\/camerfeeling.fr.fo\/fr\/wp-json\/wp\/v2\/tags?post=4139"},{"taxonomy":"adace-sponsor","embeddable":true,"href":"https:\/\/camerfeeling.fr.fo\/fr\/wp-json\/wp\/v2\/adace-sponsor?post=4139"}],"curies":[{"name":"wp","href":"https:\/\/api.w.org\/{rel}","templated":true}]}}