{"id":4140,"date":"2010-12-29T11:19:16","date_gmt":"2010-12-29T10:19:16","guid":{"rendered":""},"modified":"2010-12-29T11:19:16","modified_gmt":"2010-12-29T09:19:16","slug":"4140","status":"publish","type":"post","link":"https:\/\/camerfeeling.fr.fo\/fr\/4140\/","title":{"rendered":"Cameroun : Sam Mbende , \u00ab Le droit d\u2019auteur est mort au Cameroun \u00bb"},"content":{"rendered":"\n\n\n<p>Aur\u00e9ol\u00e9 du poste de membre du conseil d\u2019administration de l\u2019Alliance panafricaine des auteurs compositeurs de chansons (Pacsa) au terme des assises de cette institution qui a si\u00e9g\u00e9 \u00e0 Dakar les 29 et 30 novembre 2010, il fait l\u2019\u00e9tat des lieux de la condition intellectuelle de l\u2019artiste Camerounais, et de la confusion qu\u2019il y a dans les soci\u00e9t\u00e9s de gestion du droit d\u2019auteur &#8211; <\/p>\n<p><font face=\"Arial\">.<\/font><\/p>\n<p><font face=\"Arial\"><strong>Vous venez d&rsquo;&ecirc;tre port&eacute; au conseil  d&rsquo;administration de l&rsquo;Alliance panafricaine des auteurs et compositeurs  des chansons &agrave; l&rsquo;issue de la r&eacute;union qui s&rsquo;est d&eacute;roul&eacute;e &agrave; Dakar. Peut-on  mieux connaitre cette institution ?<br \/>\n<\/strong><\/font><\/p>\n<p><font face=\"Arial\">Il faut d&rsquo;abord savoir que, c&rsquo;est une alliance qui  est n&eacute;e d&rsquo;un constat. Dans les sous r&eacute;gions, les r&eacute;seaux s&rsquo;organisent  pour mieux d&eacute;fendre les droits des auteurs et compositeurs de musique.  Mais, pour l&rsquo;instant, en Afrique, nous n&rsquo;avions pas encore un organe  continental. C&rsquo;est vrai qu&rsquo;il y a le comit&eacute; africain de la conf&eacute;d&eacute;ration  internationale des soci&eacute;t&eacute;s auteurs compositeurs (Cisac), qui est l&agrave;  pour les soci&eacute;t&eacute;s de gestion collective. Ici, il s&rsquo;agit des auteurs  eux-m&ecirc;mes qui s&rsquo;organisent. Donc, c&rsquo;est une association  socioprofessionnelle qui aura pour but de d&eacute;fendre de mani&egrave;re accrue,  les droits des auteurs et compositeurs de musique sur l&rsquo;ensemble du  continent. Et ceci, en essayant de dire aux d&eacute;cideurs, d&rsquo;harmoniser  leurs l&eacute;gislations en faveur de ses auteurs.<\/font><\/p>\n<p><font face=\"Arial\"><strong>Pourquoi ce travail en faveur des auteurs compositeurs uniquement ?<br \/>\n<\/strong><\/font><\/p>\n<p><font face=\"Arial\">Ne perdons pas de vue que, les auteurs africains  sont les plus mal lotis en mati&egrave;re de propri&eacute;t&eacute; intellectuelle. D&rsquo;o&ugrave; la  n&eacute;cessit&eacute; et l&rsquo;urgence de ce travail. Cette alliance a pour but de  d&eacute;fendre ces auteurs l&agrave;, en participant m&ecirc;me &agrave; tout ce qui concerne le  cadre juridique de leurs activit&eacute;s. Parce que, parfois, les  gouvernements et les gouvernants, prennent souvent des d&eacute;cisions sans  tenir compte des r&eacute;alit&eacute;s, sans consulter les personnes &agrave; m&ecirc;me de leur  dire, &ccedil;a, &ccedil;a peut aller ou pas. Exactement comme on voit en Europe avec  la commission internationale de musique qui appuie l&rsquo;Union Europ&eacute;enne  dans ses directives qu&rsquo;elle pour l&rsquo;ensemble des pays Europ&eacute;ens.<\/font><\/p>\n<p><font face=\"Arial\"><strong>Etant d&eacute;sormais donc membre du conseil d&rsquo;administration de cette structure, quelle sera votre mission ?<br \/>\n<\/strong><\/font><\/p>\n<p><font face=\"Arial\">Je suis &eacute;galement le porte parole au niveau du  continent. Donc, j&rsquo;assure de mani&egrave;re &eacute;vidente la liaison entre les  d&eacute;cisions et les r&eacute;solutions qui sont prises en assembl&eacute;e g&eacute;n&eacute;rale et  par les membres de l&rsquo;assembl&eacute;e, et en m&ecirc;me temps par le conseil  d&rsquo;administration. Donc, j&rsquo;assure le relais dans l&rsquo;opinion, les  institutions internationales et les gouvernements. Je suis la voix qui  va porter les messages.<\/font><\/p>\n<p><font face=\"Arial\"><strong>A quel titre vous, et pas un autre auteur compositeur aviez pris part &agrave; ces assises ?<br \/>\n<\/strong><\/font><\/p>\n<p><font face=\"Arial\">J&rsquo;ai &eacute;t&eacute; officiellement invit&eacute; par la Cisac &agrave;  double titres, pour repr&eacute;senter la Cameroon music corporation, et en  tant que auteur reconnu sur le continent. Cela veut dire que, en terme  de soci&eacute;t&eacute; de gestion collective, c&rsquo;est vrai, il n&rsquo;y a plus d&eacute;bat, la  Cmc est la seule institution de l&rsquo;art musical, reconnu &agrave; la Cisac comme  cela se fait partout ailleurs. Il est &eacute;vident que nous avons le  r&eacute;pertoire national et international. De ces 229 soci&eacute;t&eacute;s, nous avons  les accords de repr&eacute;sentation r&eacute;ciproques avec la Guemar et la Cisac. Ce  qi veut dire que, si vous voulez percevoir les droits de Johnny  Halliday, ou encore Michael Jackson sur le territoire Camerounais, il  n&rsquo;y a que la Cmc qui est habilet&eacute; &agrave; &ecirc;tre votre interlocuteur.<\/font><\/p>\n<p><font face=\"Arial\"><strong>Quel est votre regard &agrave; distance sur la  gestion du droit d&rsquo;auteur au Cameroun, depuis votre &eacute;viction par rapport  &agrave; l&rsquo;&eacute;poque o&ugrave; vous g&eacute;riez les affaires ?<br \/>\n<\/strong><\/font><\/p>\n<p><font face=\"Arial\">Je n&rsquo;ai d&rsquo;abord jamais g&eacute;r&eacute; le droit d&rsquo;auteur au  Cameroun. Je ne suis pas le gestionnaire de l&rsquo;entreprise. Et c&rsquo;est &ccedil;a  qui a cr&eacute;&eacute; les confusions. Les gens pensent que, un pr&eacute;sident du conseil  d&rsquo;administration est l&agrave; pour manipuler les sommes d&rsquo;argent, ou pour  poser les signatures sur les documents comptables de la soci&eacute;t&eacute;. Je ne  g&egrave;re pas le Cmc. Je suis le pr&eacute;sident du conseil d&rsquo;administration. Et je  revendique encore que, je suis le seul Pca qui n&rsquo;a pas les pouvoirs de  signatures sur les comptes en banque de la soci&eacute;t&eacute;. Je ne mouvemente pas  les comptes en banque. Je n&rsquo;ai pas les ch&eacute;quiers, je ne signe pas les  documents. Alors que les autres le font. Et, effectivement, eux ils  g&egrave;rent les soci&eacute;t&eacute;s au quotidien. Ce qui est une aberration. Et on  devrait arr&ecirc;ter tout &ccedil;a, et mettre en place des proc&eacute;dures pour que tout  soit plus clair. Donc, avec le recul, ce n&rsquo;est pas le recul de  quelqu&rsquo;un qui ne g&egrave;re pas, c&rsquo;est le recul de quelqu&rsquo;un qui est en m&ecirc;me  temps dans l&rsquo;action. Parce que, je reste le Pca de la Cmc qui continue &agrave;  faire des perceptions et &agrave; mener des actions de prospection sur le  terrain Camerounais.<br \/>\n&nbsp;<br \/>\n<strong>C&rsquo;est &agrave; raison donc qu&rsquo;on pense &agrave; la Socam que, c&rsquo;est vous qui  torpillez leurs actions parce que la Cmc tient dans son porte feuille la  majorit&eacute; des grands usagers qui lui verse sa redevance ?<br \/>\n<\/strong><\/font><\/p>\n<p><font face=\"Arial\">Celui qui accuse doit apporter les preuves de ses  assertions. Mais, j&rsquo;ai toujours tendance &agrave; dire que, les gens doivent  &ecirc;tre un brin s&eacute;rieux. Nul ne peut se pr&eacute;valoir de sa propre turpitude.  Je ne suis pas celui qui a promulgu&eacute; la loi au Cameroun. Celui qui a  promulgu&eacute; la loi de 2000, c&rsquo;et la pr&eacute;sident de la r&eacute;publique. Et en son  article 75, il est &eacute;vident et c&rsquo;est clair, qu&rsquo;il ne peut &ecirc;tre cr&eacute;&eacute;, on  ne dit pas qu&rsquo;il ne peut &ecirc;tre agr&eacute;&eacute;. L&rsquo;agr&eacute;ment vient apr&egrave;s. D&rsquo;abord la  cr&eacute;ation et on vous agr&eacute;e. Donc, tant qu&rsquo;il ne peut &ecirc;tre cr&eacute;&eacute; qu&rsquo;un  organisme par cat&eacute;gorie, la Cmc a &eacute;t&eacute; cr&eacute;&eacute;e en 2003, et n&rsquo;a jamais &eacute;t&eacute;  dissoute &agrave; ce jour. <\/font><\/p>\n<p><font face=\"Arial\">On ne peut cr&eacute;er une autre soci&eacute;t&eacute;. L&rsquo;article 18  du d&eacute;cret d&rsquo;application est assez clair aussi. Il ne peut &ecirc;tre cr&eacute;e  qu&rsquo;un seul organisme de gestion collective. Mais, les gens essaient  d&rsquo;utiliser l&rsquo;amalgame. Nous avons l&rsquo;agr&eacute;ment, alors nous devons  percevoir. &Ccedil;a veut dire que, si une d&eacute;cision du ministre donne  l&rsquo;agr&eacute;ment &agrave; sa grand-m&egrave;re, elle va percevoir les droits d&rsquo;auteur au  Cameroun. Cette d&eacute;cision peut-elle &ecirc;tre contraire &agrave; une loi promulgu&eacute;e  par le chef de l&rsquo;Etat &omega; Non. La hi&eacute;rarchie des normes juridiques est  claire. La loi est au dessus d&rsquo;une d&eacute;cision minist&eacute;rielle. Il faut que  les gens soient s&eacute;rieux. Ils peuvent bavarder &agrave; longueur de journ&eacute;e,  nous allons toujours leur brandir le terrain du droit. Seul le pr&eacute;sident  de la r&eacute;publique peut prendre aujourd&rsquo;hui un d&eacute;cret pour dissoudre, ou  interdire &agrave; la Cmc de ne plus rien faire sur le terrain.<\/font><\/p>\n<p><font face=\"Arial\"><strong>Comment avez-vous accueillis la d&eacute;cision  de madame la ministre de la Culture, suspendant les perceptions aux  soci&eacute;t&eacute;s de gestions collectives, et de la faire par le biais de la Cpmc ?<br \/>\n<\/strong><\/font><\/p>\n<p><font face=\"Arial\">C&rsquo;est un constat du d&eacute;sordre qui &eacute;mane de la  cacophonie qu&rsquo;il ya dans la gestion du droit d&rsquo;auteur au Cameroun. Nous  devons nous-m&ecirc;mes &ecirc;tre objectifs. Les perceptions anarchiques qui se  font, les quittances parall&egrave;les qui se mettent en branle, des huissiers  qui vont &agrave; tue t&ecirc;te prendre de l&rsquo;argent chez les usagers et ne le  reverse pas dans le compte de d&eacute;p&ocirc;t sp&eacute;cial, des soci&eacute;t&eacute;s qui n&rsquo;ont plus  d&rsquo;agr&eacute;ment, puisqu&rsquo;il faut qu&rsquo;on en parle. Tout le monde dit que la Cmc  n&rsquo;a plus d&rsquo;agr&eacute;ment. Dites-mois quelle est la soci&eacute;t&eacute; qui a un agr&eacute;ment  &agrave; ce jour. La Scap n&rsquo;a pas d&rsquo;agr&eacute;ment depuis le 10 septembre 2010.  Depuis 2008, la Sociladra n&rsquo;a jamais obtenu de renouvellement  d&rsquo;agr&eacute;ment, la Socadap non plus n&rsquo;a jamais eu de renouvellement  d&rsquo;agr&eacute;ment. <\/font><\/p>\n<p><font face=\"Arial\">Sur quelle base per&ccedil;oivent-elles. Et, &agrave; juste  titre, la ministre qui sait que, il y a d&eacute;j&agrave; deux conseils  d&rsquo;administration qui sont dans l&rsquo;ill&eacute;galit&eacute;, la Sociladra devait  convoquer d&eacute;j&agrave; une assembl&eacute;e g&eacute;n&eacute;rale pour mettre en place de nouveaux  organes. Depuis un an, ce n&rsquo;est pas fait. Monsieur Ott&eacute;o qui est &agrave; la  Socadap, ne peut plus avoir de mandat. Il a d&eacute;j&agrave; assur&eacute; deux mandats et  ne peut par cons&eacute;quent avoir un troisi&egrave;me. Le voil&agrave; pourtant dans  l&rsquo;ill&eacute;galit&eacute; entrain de passer pr&egrave;s de deux ann&eacute;es en plus. Donc, tant  que ces param&egrave;tres que j&rsquo;&eacute;voque l&agrave; ne sont pas assur&eacute;s, vous ne pouvez  pas revenir devant la Ministre pour demander un renouvellement  d&rsquo;agr&eacute;ment. C&rsquo;est l&agrave; o&ugrave; &ccedil;a coince. Dans un sursaut d&rsquo;orgueil donc,  visant &agrave; prot&eacute;ger&nbsp; mieux les int&eacute;r&ecirc;ts des artistes, elle a pris une  d&eacute;cision comme saisie conservatoire, pour dire que, si on laisse ces  gens l&agrave; percevoir de l&rsquo;argent, sachant que leur mandat est d&eacute;j&agrave; expir&eacute;,  &ccedil;a va aller dans tous les sens.<\/font><\/p>\n<p><font face=\"Arial\"><strong>Quelle est donc la cons&eacute;quence de tout cela aujourd&rsquo;hui ?<br \/>\n<\/strong><\/font><\/p>\n<p><font face=\"Arial\">Mais, le droit d&rsquo;auteur est mort. Vous ne pouvez  pas dire qu&rsquo;il fonctionne. Il est mort. Si on fait le bilan de la  musique, combien de producteurs ont produit des albums l&rsquo;ann&eacute;e derni&egrave;re,  et combien d&rsquo;albums &omega; On peut chiffrer. Dites-moi o&ugrave; sont les droits de  reproduction m&eacute;canique &omega; La Cmc en a r&eacute;parti six en trois ans. Celle  que vous avez cr&eacute;e, dites-moi combien de r&eacute;partitions en termes de  droits de reproduction m&eacute;canique elle a fait. Ils utilisent l&rsquo;amalgame  pour tromper l&rsquo;opinion.<\/font><\/p>\n<p><font face=\"Arial\"><strong>Justement, en tant que auteur, o&ugrave; percevez-vous vos droits ?<br \/>\n<\/strong><\/font><\/p>\n<p><font face=\"Arial\">Je per&ccedil;ois mes droits &agrave; la Cameroon music  corporation. Je ne peux pas &ecirc;tre Pca de la Cmc et pr&eacute;tendre appartenir &agrave;  une autre soci&eacute;t&eacute; qui est compl&egrave;tement dans l&rsquo;ill&eacute;galit&eacute;. Selon la Cour  supr&ecirc;me et selon les termes contenus dans la loi promulgu&eacute;e par le chef  de l&rsquo;Etat. Je veux rester l&eacute;galiste et r&eacute;publicain jusqu&rsquo;au bout.<br \/>\n&nbsp;<br \/>\n<strong>Vous dites continuer d&rsquo;assurer les perceptions &agrave; la Cmc. Comment cela se passe?<\/strong><\/font><\/p>\n<p><font face=\"Arial\">C&rsquo;est tr&egrave;s simple. Avec une ordonnance de la Cour  supr&ecirc;me, plus trois arr&ecirc;ts, nous avons saisi tous nos usagers de notre  r&eacute;pertoire, en leur disant que, la situation &eacute;tant confuse jusqu&rsquo;&agrave;  pr&eacute;sent, veuillez d&eacute;poser l&rsquo;argent dans un compte s&eacute;questre. La loi nous  autorise cela. Vraiment, dans le doute, il faut s&rsquo;abstenir. Qui paye  mal paye deux fois. Et bien, les usagers sont rest&eacute;s fid&egrave;le au contrat  qu&rsquo;ils ont avec la Cmc. Parce que, ce que vous ne savez pas, la Cmc a  des contrats avec certains usagers sur 20 ans, sur 15 ans. C&rsquo;est un  probl&egrave;me juridique qui se pose. Cet argent est bloqu&eacute; dans un compte  s&eacute;questre et ne peut appartenir le moment venu qu&rsquo;aux artistes  appartenant &agrave; la Cmc, et non &agrave; une autre soci&eacute;t&eacute;. Voil&agrave; comment nous  fonctionnons. <\/font><\/p>\n<p><font face=\"Arial\">C&rsquo;est pourquoi vous entendez les gens dire Que la  Cmc a asphyxi&eacute; le droit d&rsquo;auteur. Mais en r&eacute;alit&eacute;, ce sont des mesures  conservatoires que nous prenons pour d&eacute;fendre non seulement les auteurs  camerounais, mais aussi internationaux. La Cisac nous rappelle que nous  devons farouchement d&eacute;fendre leurs r&eacute;pertoires sur le terrain  Camerounais. Ce n&rsquo;est qu&rsquo;une affaire de droit.<\/font><\/p>\n<p><font face=\"Arial\"><strong>Que r&eacute;pondez-vous &agrave; ceux qui pensent que,  c&rsquo;est vous qui &ecirc;tes derri&egrave;re tous les soul&egrave;vements et d&eacute;nonciations que  connait la Socam aujourd&rsquo;hui ?<br \/>\n<\/strong><\/font><\/p>\n<p><font face=\"Arial\">Je n&rsquo;ai aucun int&eacute;r&ecirc;t &agrave; le faire. Pour la simple  et bonne raison que, pour moi, ils n&rsquo;existent pas. Pour moi, ils  n&rsquo;existent pas. Pourquoi je vais monter des gens contre un truc qui est  fictif et qui va s&rsquo;&eacute;crouler seul.&nbsp; D&rsquo;ailleurs, vous entendez tout ce qui  se dit l&agrave;-bas. On parle de d&eacute;tournement, il y a des administrateurs qui  d&eacute;missionnent, il y a des comit&eacute;s de sages qui se d&eacute;sint&egrave;grent. &Ccedil;a ne  m&rsquo;int&eacute;resse pas. Mon activit&eacute; est intense. Si je ne suis pas &agrave; Dakar, je  suis &agrave; Abidjan, ou en Afrique du Sud, etc. Dans quelques mois je suis &agrave;  Addis-Ab&eacute;ba pour harmoniser les d&eacute;cisions qui vont prot&eacute;ger les  auteurs. Vous croyez vraiment que je peux manipuler les vieux papas de  55 ans, 60 ans et plus &omega; D&rsquo;abord c&rsquo;est eux qui sont les premiers &agrave;  d&eacute;missionner des comit&eacute;s de sages.<br \/>\n&nbsp;<br \/>\n<strong>Quel est donc le probl&egrave;me &agrave; la Socam ?<br \/>\n<\/strong><\/font><\/p>\n<p><font face=\"Arial\">Il faut que les gens posent leurs probl&egrave;mes en  termes de comp&eacute;tences. Je veux qu&rsquo;on mette en doute mes comp&eacute;tences en  mati&egrave;re de droit d&rsquo;auteur. Je suis juriste de formation. Je veux que  ceux qui disent qu&rsquo;on monte les gens contre eux, viennent d&eacute;battre avec  moi pour me dire, s&rsquo;ils comprennent mieux le droit d&rsquo;auteur. Parce qu&rsquo;il  ne faut pas r&eacute;duire le droit d&rsquo;auteur &agrave; une affaire de quartier. Je  suis fatigu&eacute; d&rsquo;entendre des artistes qui viennent s&rsquo;insulter dans les  m&eacute;dias au lieu d&rsquo;&eacute;taler leurs connaissances en mati&egrave;re de droit. Ceux  qui savent jouer, ceux qui savent chanter, qu&rsquo;ils viennent le dire aux  Camerounais, on appr&eacute;ciera. Dans un conseil d&rsquo;administration, il ne  s&rsquo;agit pas de venir chanter, ni de lire les partitions. Il s&rsquo;agit  d&rsquo;interpr&eacute;ter les bilans. Nous sommes tous des artistes. En dehors de  cela, il y en a qui peuvent faire un peu plus.<br \/>\n<\/font><\/p>\n<p><font face=\"Arial\"><strong>Qu&rsquo;est-ce qui d&rsquo;apr&egrave;s vous n&rsquo;a pas march&eacute; depuis vos probl&egrave;mes ?<br \/>\n<\/strong><\/font><\/p>\n<p><font face=\"Arial\">Si moi j&rsquo;analyse les choses, je serais forcement  passionn&eacute;. J&rsquo;aurais tendance &agrave; tirer la couverture de mon c&ocirc;t&eacute;. Vous  serez plus objectif, en regardant un peu, depuis 2008, qu&rsquo;est-ce qui a  march&eacute; &omega; Qu&rsquo;est-ce qui n&rsquo;a pas march&eacute; &omega; Pourquoi &ccedil;a n&rsquo;a pas march&eacute; &omega; Il y  a une chasse aux sorci&egrave;res, une chasse &agrave; l&rsquo;homme. M&ecirc;me au minist&egrave;re de  la Culture. Les fonctionnaires ont englu&eacute; la ministre dans une rue sans  issue. Aujourd&rsquo;hui, ils doivent prendre leurs responsabilit&eacute;s. Et j&rsquo;ai  m&ecirc;me qualifi&eacute; cela &agrave; l&rsquo;&eacute;poque de feu L&eacute;opold Ferdinand Oyono, que ces  fonctionnaires &eacute;taient des sp&eacute;cialistes du bricolage politico-culturel. <\/font><\/p>\n<p><font face=\"Arial\">C&rsquo;est des bricoleurs de l&rsquo;impossible. Et  aujourd&rsquo;hui, nous sommes face &agrave; un &eacute;chec total. Tout s&rsquo;est arr&ecirc;t&eacute;. C&rsquo;est  du pouvoir discr&eacute;tionnaire du ministre de prendre une circulaire. Tout  comme elle a vir&eacute; Minkoa Sh&eacute;. Ce monsieur qui &eacute;tait venu nous donner des  le&ccedil;ons en disant qu&rsquo;il ne toucherait pas 20% comme monsieur Ondoa.  Apr&egrave;s il dit qu&rsquo;il a emprunt&eacute; de l&rsquo;argent. Vous empruntez l&rsquo;argent des  artistes sans permission &omega;&nbsp; &Ccedil;a m&rsquo;&eacute;tonne un&nbsp; peu, quand il y avait  beaucoup d&rsquo;argent, Ondoa et moi donnions beaucoup d&rsquo;argent, les artistes  pleuraient. Aujourd&rsquo;hui je n&rsquo;entends plus rien. C&rsquo;est parce qu&rsquo;ils sont  morts. Ils se sont rendu compte qu&rsquo;il n&rsquo;ay rien. Ils n&rsquo;en parlent pas  parce qu&rsquo;ils sont honte. Celui qui reconnait ses erreurs est grand. Nous  demandons juste aujourd&rsquo;hui que tout ce qui a &eacute;t&eacute; fait soit r&eacute;par&eacute;.<\/font><\/p>\n<div id=\"date\">&copy; La Nouvelle Expression : Propos recueillis par Louis Blaise Ongolo<\/div>\n<p><font face=\"Arial\"><br \/>\n<\/font><\/p>\n","protected":false},"excerpt":{"rendered":"<p>Aur\u00e9ol\u00e9 du poste de membre du conseil d\u2019administration de l\u2019Alliance panafricaine des auteurs compositeurs de chansons (Pacsa) au terme des assises de cette institution qui a si\u00e9g\u00e9 \u00e0 Dakar les 29 et 30 novembre 2010, il fait l\u2019\u00e9tat des lieux de la condition intellectuelle de l\u2019artiste Camerounais, et de la confusion qu\u2019il y a dans [&hellip;]<\/p>\n","protected":false},"author":1,"featured_media":0,"comment_status":"open","ping_status":"open","sticky":false,"template":"","format":"standard","meta":{"_acf_changed":false,"footnotes":""},"categories":[],"tags":[],"adace-sponsor":[],"class_list":["post-4140","post","type-post","status-publish","format-standard","hentry"],"acf":[],"wps_subtitle":"","_links":{"self":[{"href":"https:\/\/camerfeeling.fr.fo\/fr\/wp-json\/wp\/v2\/posts\/4140","targetHints":{"allow":["GET"]}}],"collection":[{"href":"https:\/\/camerfeeling.fr.fo\/fr\/wp-json\/wp\/v2\/posts"}],"about":[{"href":"https:\/\/camerfeeling.fr.fo\/fr\/wp-json\/wp\/v2\/types\/post"}],"author":[{"embeddable":true,"href":"https:\/\/camerfeeling.fr.fo\/fr\/wp-json\/wp\/v2\/users\/1"}],"replies":[{"embeddable":true,"href":"https:\/\/camerfeeling.fr.fo\/fr\/wp-json\/wp\/v2\/comments?post=4140"}],"version-history":[{"count":0,"href":"https:\/\/camerfeeling.fr.fo\/fr\/wp-json\/wp\/v2\/posts\/4140\/revisions"}],"wp:attachment":[{"href":"https:\/\/camerfeeling.fr.fo\/fr\/wp-json\/wp\/v2\/media?parent=4140"}],"wp:term":[{"taxonomy":"category","embeddable":true,"href":"https:\/\/camerfeeling.fr.fo\/fr\/wp-json\/wp\/v2\/categories?post=4140"},{"taxonomy":"post_tag","embeddable":true,"href":"https:\/\/camerfeeling.fr.fo\/fr\/wp-json\/wp\/v2\/tags?post=4140"},{"taxonomy":"adace-sponsor","embeddable":true,"href":"https:\/\/camerfeeling.fr.fo\/fr\/wp-json\/wp\/v2\/adace-sponsor?post=4140"}],"curies":[{"name":"wp","href":"https:\/\/api.w.org\/{rel}","templated":true}]}}