{"id":4176,"date":"2011-02-26T22:20:01","date_gmt":"2011-02-26T21:20:01","guid":{"rendered":""},"modified":"2011-02-26T22:20:01","modified_gmt":"2011-02-26T20:20:01","slug":"4176","status":"publish","type":"post","link":"https:\/\/camerfeeling.fr.fo\/fr\/4176\/","title":{"rendered":"Transport a\u00e9rien:Camair-Co a son logo"},"content":{"rendered":"\n\n\n<p>Il a \u00e9t\u00e9 d\u00e9voil\u00e9 ce jeudi 24 f\u00e9vrier 2011, \u00e0 Douala. En m\u00eame temps que les premi\u00e8res lignes \u00e0 desservir, ainsi que les tarifs des vols nationaux, r\u00e9gionaux et internationaux. &#8211; <\/p>\n<p>&nbsp;<\/p>\n<p><span style=\"font-size: 12pt; font-family: &quot;Times New Roman&quot;,&quot;serif&quot;;\">Les  choses se pr&eacute;cisent de plus en plus du c&ocirc;t&eacute; de la Cameroon Airlines  corporation (Camair-Co). Apr&egrave;s l&rsquo;installation officielle de l&rsquo;&eacute;quipe  dirigeante le 27 janvier 2011, et le s&eacute;minaire de formation du personnel  le 21 f&eacute;vrier 2011 sur les 12 principes de la gestion de la crise  d&rsquo;aviation par le groupe Kenyon International Emergency Services,  entreprise sp&eacute;cialis&eacute;e dans le management des catastrophes, la nouvelle  compagnie a&eacute;rienne du Cameroun a son logo. Il a &eacute;t&eacute; pr&eacute;sent&eacute; au public  ce jeudi 24 f&eacute;vrier 2011, &agrave; Douala, au cours d&rsquo;une c&eacute;r&eacute;monie atypique  pr&eacute;sid&eacute;e par Alex Van Elk, le directeur g&eacute;n&eacute;ral de Camair-Co, en  pr&eacute;sence des autorit&eacute;s de la r&eacute;gion du Littoral.<\/span><\/p>\n<p class=\"MsoNormal\">&nbsp;<\/p>\n<p><span style=\"font-size: 12pt; font-family: &quot;Times New Roman&quot;,&quot;serif&quot;;\">Sur  le plan visuel, ce logo reprend simplement l&rsquo;image du logo de la  Camair. Ainsi que les couleurs. Qui sont d&rsquo;ailleurs celles du pays. Le  vert, le rouge et le jaune. A noter quand m&ecirc;me une grande diff&eacute;rence au  niveau de l&rsquo;&eacute;toile de couleur jaune qui est plus mise en exergue ici.  D&rsquo;ailleurs le titre est &laquo; L&rsquo;&eacute;toile du Cameroun &raquo;.<\/span><\/p>\n<p><span style=\"font-size: 12pt; font-family: &quot;Times New Roman&quot;,&quot;serif&quot;;\">Dans  l&rsquo;ensemble, il est difficile de ne pas faire un rapprochement avec le  c&eacute;l&egrave;bre logo de la Camair. M&ecirc;me si les responsables de Camair-Co ne  voient pas les choses ainsi. &laquo;Il y a une sorte de ressemblance.  Evidemment c&rsquo;est une apparence. Il y a au moins une quinzaine de  diff&eacute;rences entre le logo de Camair et celui de Camair-Co &raquo;, souligne le  directeur g&eacute;n&eacute;ral adjoint de Camair-Co. Emmanuel Mbozo Ndo va plus  loin. &laquo;Camair-Co n&rsquo;est pas Camair Continuation. Ce n&rsquo;est pas la copie  corrig&eacute;e de Camair. Camair-Co est une nouvelle compagnie a&eacute;rienne qui  devra faire face &agrave; l&rsquo;environnement difficile du transport a&eacute;rien. Le  gouvernement a fait son travail. Les &eacute;quipes dirigeantes travaillent de  leur c&ocirc;t&eacute; afin de mettre sur pied les proc&eacute;dures n&eacute;cessaires &agrave; la bonne  marche de l&rsquo;entreprise &raquo;, ajoute l&rsquo;ancien pilote de la Camair. <\/span><\/p>\n<p class=\"MsoNormal\">&nbsp;<\/p>\n<p><strong><span style=\"font-size: 12pt; font-family: &quot;Times New Roman&quot;,&quot;serif&quot;;\">Le Dja de retour le 15 mars 2011<\/span><\/strong><\/p>\n<p class=\"MsoNormal\">&nbsp;<img fetchpriority=\"high\" decoding=\"async\" data-expand=\"600\" class=\"lazyload\" height=\"229\" width=\"320\" src=\"data:image\/svg+xml;charset=utf-8,%3Csvg xmlns%3D'http%3A%2F%2Fwww.w3.org%2F2000%2Fsvg' viewBox%3D'0 0 320 229'%2F%3E\" data-src=\"\/fr\/artpublic\/bibliotheque\/Image\/camerco.jpg\" alt=\"\" \/><\/p>\n<p><span style=\"font-size: 12pt; font-family: &quot;Times New Roman&quot;,&quot;serif&quot;;\">D&rsquo;apr&egrave;s  lui, le logo de Camair-Co est le fruit d&rsquo;une &eacute;tude qui refl&egrave;te les  diff&eacute;rentes r&eacute;alit&eacute;s du Cameroun. Il s&rsquo;agit de l&rsquo;unit&eacute; nationale, la  diversit&eacute; culturelle, linguistique et tribale. &laquo;Le Cameroun est l&rsquo;un des  rares pays en Afrique qui dispose de plus de 285 dialectes. On a essay&eacute;  de recentrer toute cette diversit&eacute; camerounaise &raquo;, insiste-t-il. Au  sujet du premier vol. La date du 28 mars 2011 reste maintenue. Il  s&rsquo;agira d&rsquo;un vol inaugural. C&rsquo;est le Dja qui va relever ce d&eacute;fi. L&rsquo;avion  partira de Douala pour Yaound&eacute;, avant de rallier l&rsquo;a&eacute;roport Roissy  Charles de Gaulle. Cet avion est toujours en r&eacute;vision en Irlande, ainsi  que pour toutes les autres questions li&eacute;es au design ext&eacute;rieur. D&rsquo;apr&egrave;s  le Dga de Camair-Co, il devra &ecirc;tre de retour d&rsquo;ici le 15 mars 2011. Le  Dja sera second&eacute; par un autre Boeing 737-700, un avion qui a 5 ans  d&rsquo;&acirc;ge. Cet appareil subit aussi les derniers toilettages aux Etats-Unis,  et doit arriver au Cameroun d&rsquo;ici la fin de f&eacute;vrier. C&rsquo;est avec les  deux avions que Camair-Co compte lancer ses activit&eacute;s, &agrave; travers les  vols nationaux, sous-r&eacute;gionaux et m&ecirc;me internationaux.<\/span><\/p>\n<p class=\"MsoNormal\">&nbsp;<\/p>\n<p><span style=\"font-size: 12pt; font-family: &quot;Times New Roman&quot;,&quot;serif&quot;;\">Concernant  les vols domestiques, trois villes seront desservies &agrave; partir de  Douala. Yaound&eacute; (douze fois par semaine), Garoua (six fois par semaine)  et Maroua (trois fois par semaine). Concernant les prix, Douala-Nsimalen  va couter 18.000 hors taxes (HT), 105.500 HT et 120.000 HT  respectivement pour les lignes Douala-Garoua et Douala-Maroua. Parlant  des vols r&eacute;gionaux, seule la ligne Douala-Ndjamena est pr&eacute;vue pour  l&rsquo;instant, et le billet pour cette destination sera laiss&eacute; &agrave; 110.000 F  HT. Il est pr&eacute;vu d&rsquo;autres destinations. Notamment au S&eacute;n&eacute;gal, Cotonou,  Congo Brazzaville, Nigeria, etc. Paris (France), est pour l&rsquo;instant la  seule destination pour les vols internationaux. Soit 5 vols par semaine &agrave;  raison de 250.000 F HT dans la classe &eacute;conomique et 1.600.000 HT dans  la classe Business.<\/span><span style=\"font-size: 12pt; font-family: &quot;Times New Roman&quot;,&quot;serif&quot;;\">Dans  le futur, la compagnie compte desservir la Chine, Dubai et l&rsquo;Afrique du  Sud &agrave; travers des vols directs. Camair-Co va lancer ses activit&eacute;s avec  350 employ&eacute;s et projette d&rsquo;&eacute;voluer &agrave; 450 sous peu.<\/p>\n<p>\n<\/span><\/p>\n<p><span class=\"small\">Herv&eacute; B.Endong\t\t<\/span><\/p>\n<p>&nbsp;&nbsp; <br \/>\nLNE<\/p>\n","protected":false},"excerpt":{"rendered":"<p>Il a \u00e9t\u00e9 d\u00e9voil\u00e9 ce jeudi 24 f\u00e9vrier 2011, \u00e0 Douala. En m\u00eame temps que les premi\u00e8res lignes \u00e0 desservir, ainsi que les tarifs des vols nationaux, r\u00e9gionaux et internationaux. &#8211; &nbsp; Les choses se pr&eacute;cisent de plus en plus du c&ocirc;t&eacute; de la Cameroon Airlines corporation (Camair-Co). Apr&egrave;s l&rsquo;installation officielle de l&rsquo;&eacute;quipe dirigeante le [&hellip;]<\/p>\n","protected":false},"author":1,"featured_media":0,"comment_status":"open","ping_status":"open","sticky":false,"template":"","format":"standard","meta":{"_acf_changed":false,"footnotes":""},"categories":[],"tags":[],"adace-sponsor":[],"class_list":["post-4176","post","type-post","status-publish","format-standard","hentry"],"acf":[],"wps_subtitle":"","_links":{"self":[{"href":"https:\/\/camerfeeling.fr.fo\/fr\/wp-json\/wp\/v2\/posts\/4176","targetHints":{"allow":["GET"]}}],"collection":[{"href":"https:\/\/camerfeeling.fr.fo\/fr\/wp-json\/wp\/v2\/posts"}],"about":[{"href":"https:\/\/camerfeeling.fr.fo\/fr\/wp-json\/wp\/v2\/types\/post"}],"author":[{"embeddable":true,"href":"https:\/\/camerfeeling.fr.fo\/fr\/wp-json\/wp\/v2\/users\/1"}],"replies":[{"embeddable":true,"href":"https:\/\/camerfeeling.fr.fo\/fr\/wp-json\/wp\/v2\/comments?post=4176"}],"version-history":[{"count":0,"href":"https:\/\/camerfeeling.fr.fo\/fr\/wp-json\/wp\/v2\/posts\/4176\/revisions"}],"wp:attachment":[{"href":"https:\/\/camerfeeling.fr.fo\/fr\/wp-json\/wp\/v2\/media?parent=4176"}],"wp:term":[{"taxonomy":"category","embeddable":true,"href":"https:\/\/camerfeeling.fr.fo\/fr\/wp-json\/wp\/v2\/categories?post=4176"},{"taxonomy":"post_tag","embeddable":true,"href":"https:\/\/camerfeeling.fr.fo\/fr\/wp-json\/wp\/v2\/tags?post=4176"},{"taxonomy":"adace-sponsor","embeddable":true,"href":"https:\/\/camerfeeling.fr.fo\/fr\/wp-json\/wp\/v2\/adace-sponsor?post=4176"}],"curies":[{"name":"wp","href":"https:\/\/api.w.org\/{rel}","templated":true}]}}