{"id":4413,"date":"2011-11-03T13:29:24","date_gmt":"2011-11-03T12:29:24","guid":{"rendered":""},"modified":"2011-11-03T13:29:24","modified_gmt":"2011-11-03T11:29:24","slug":"4413","status":"publish","type":"post","link":"https:\/\/camerfeeling.fr.fo\/fr\/4413\/","title":{"rendered":"Paul Biya investi pr\u00e9sident pour un sixi\u00e8me mandat"},"content":{"rendered":"\n\n\n<p>YAOUNDE \u2014 Le pr\u00e9sident camerounais Paul Biya, 78 ans, au pouvoir depuis 1982 et r\u00e9\u00e9lu pour un sixi\u00e8me mandat au terme de l&rsquo;\u00e9lection pr\u00e9sidentielle du 9 octobre, a pr\u00eat\u00e9 serment jeudi \u00e0 l&rsquo;Assembl\u00e9e nationale camerounaise. &#8211; <\/p>\n<p>&nbsp;<\/p>\n<p>A la question du pr&eacute;sident de l&rsquo;Assembl&eacute;e  nationale, &quot;vous engagez-vous sur l&rsquo;honneur &agrave; remplir loyalement les  fonctions que le peuple camerounais vous a confi&eacute; et jurez-vous  solennellement devant Dieu et devant les hommes de consacrer toutes vos  forces &agrave; conserver, prot&eacute;ger, d&eacute;fendre la Constitution et les lois de la  R&eacute;publique du Cameroun, &agrave; veiller au bien g&eacute;n&eacute;ral de la Nation,  soutenir et d&eacute;fendre l&rsquo;unit&eacute; l&rsquo;int&eacute;grit&eacute;, l&rsquo;ind&eacute;pendance de la patrie  camerounaise&quot;, M. Biya a r&eacute;pondu en anglais: &quot;Je le jure&quot;.<\/p>\n<p>M. Biya  entame donc un mandat de 7 ans. Le 21 octobre, la Cour supr&ecirc;me avait  d&eacute;clar&eacute; M. Biya vainqueur de la pr&eacute;sidentielle, le cr&eacute;ditant de 77,98%  des voix contre 10,71% pour son challenger et opposant historique John  Fru Ndi.<\/p>\n<p>Avant l&rsquo;annonce des r&eacute;sultats, M. Fru Ndi et six autres  candidats avaient d&eacute;clar&eacute; qu&rsquo;ils les rejetaient, d&eacute;non&ccedil;ant une  &quot;mascarade &eacute;lectorale&quot; et appelant les populations &agrave; manifester. Par la  suite, M. Fru Ndi avait indiqu&eacute; que son parti, le Social Democratic  Front (SDF), prenait &quot;acte&quot; de la victoire de M. Biya, sans dire s&rsquo;il  s&rsquo;agissait d&rsquo;une reconnaissance.<\/p>\n<p>Les Etats-Unis avaient estim&eacute; que  des &quot;irr&eacute;gularit&eacute;s&quot; avaient &eacute;t&eacute; enregistr&eacute;es &quot;&agrave; tous les niveaux&quot; lors  du scrutin du 9 octobre.<\/p>\n<p>&quot;Lors du scrutin, de nombreuses  d&eacute;faillances et irr&eacute;gularit&eacute;s ont &eacute;t&eacute; constat&eacute;es. La France souhaite que  des mesures soient prises pour que celles-ci ne se reproduisent pas  lors des scrutins l&eacute;gislatifs et municipaux de 2012&quot;, avait affirm&eacute; pour  sa part Bernard Valero, porte-parole du minist&egrave;re fran&ccedil;ais des Affaires  &eacute;trang&egrave;res.<\/p>\n<p>Avant lui, Alain Jupp&eacute;, ministre fran&ccedil;ais des  Affaires &eacute;trang&egrave;res avait soutenu que cette &eacute;lection s&rsquo;&eacute;tait tenue dans  des conditions &quot;acceptables&quot;.<\/p>\n<p><span>Copyright &copy;  2011   AFP. Tous droits r&eacute;serv&eacute;s<\/span><\/p>\n","protected":false},"excerpt":{"rendered":"<p>YAOUNDE \u2014 Le pr\u00e9sident camerounais Paul Biya, 78 ans, au pouvoir depuis 1982 et r\u00e9\u00e9lu pour un sixi\u00e8me mandat au terme de l&rsquo;\u00e9lection pr\u00e9sidentielle du 9 octobre, a pr\u00eat\u00e9 serment jeudi \u00e0 l&rsquo;Assembl\u00e9e nationale camerounaise. &#8211; &nbsp; A la question du pr&eacute;sident de l&rsquo;Assembl&eacute;e nationale, &quot;vous engagez-vous sur l&rsquo;honneur &agrave; remplir loyalement les fonctions que [&hellip;]<\/p>\n","protected":false},"author":1,"featured_media":0,"comment_status":"open","ping_status":"open","sticky":false,"template":"","format":"standard","meta":{"_acf_changed":false,"footnotes":""},"categories":[],"tags":[],"adace-sponsor":[],"class_list":["post-4413","post","type-post","status-publish","format-standard","hentry"],"acf":[],"wps_subtitle":"","_links":{"self":[{"href":"https:\/\/camerfeeling.fr.fo\/fr\/wp-json\/wp\/v2\/posts\/4413","targetHints":{"allow":["GET"]}}],"collection":[{"href":"https:\/\/camerfeeling.fr.fo\/fr\/wp-json\/wp\/v2\/posts"}],"about":[{"href":"https:\/\/camerfeeling.fr.fo\/fr\/wp-json\/wp\/v2\/types\/post"}],"author":[{"embeddable":true,"href":"https:\/\/camerfeeling.fr.fo\/fr\/wp-json\/wp\/v2\/users\/1"}],"replies":[{"embeddable":true,"href":"https:\/\/camerfeeling.fr.fo\/fr\/wp-json\/wp\/v2\/comments?post=4413"}],"version-history":[{"count":0,"href":"https:\/\/camerfeeling.fr.fo\/fr\/wp-json\/wp\/v2\/posts\/4413\/revisions"}],"wp:attachment":[{"href":"https:\/\/camerfeeling.fr.fo\/fr\/wp-json\/wp\/v2\/media?parent=4413"}],"wp:term":[{"taxonomy":"category","embeddable":true,"href":"https:\/\/camerfeeling.fr.fo\/fr\/wp-json\/wp\/v2\/categories?post=4413"},{"taxonomy":"post_tag","embeddable":true,"href":"https:\/\/camerfeeling.fr.fo\/fr\/wp-json\/wp\/v2\/tags?post=4413"},{"taxonomy":"adace-sponsor","embeddable":true,"href":"https:\/\/camerfeeling.fr.fo\/fr\/wp-json\/wp\/v2\/adace-sponsor?post=4413"}],"curies":[{"name":"wp","href":"https:\/\/api.w.org\/{rel}","templated":true}]}}