{"id":4428,"date":"2011-11-16T17:14:44","date_gmt":"2011-11-16T16:14:44","guid":{"rendered":""},"modified":"2011-11-16T17:14:44","modified_gmt":"2011-11-16T15:14:44","slug":"4428","status":"publish","type":"post","link":"https:\/\/camerfeeling.fr.fo\/fr\/4428\/","title":{"rendered":"Festi-bikutsi 2011 :Mani Bella sacr\u00e9e sans son public"},"content":{"rendered":"\n\n\n<p>\nLa jeune musicienne a \u00e9t\u00e9 r\u00e9compens\u00e9e \u00abmeilleure artiste f\u00e9minin de bikutsi\u00bb, lors de la c\u00e9r\u00e9monie de cl\u00f4ture de samedi dernier. Devant un nombre moyen de spectateurs. Comme l\u2019ann\u00e9e derni\u00e8re d\u00e9j\u00e0, le camp &#8211; <\/p>\n<p>&nbsp;<\/p>\n<p>&nbsp;<\/p>\n<p style=\"text-align: justify;\"><span style=\"font-size: 12pt; font-family: &quot;Times New Roman&quot;;\">Aes  Sonel d&rsquo;Essos &agrave; Yaound&eacute; n&rsquo;aura donc finalement pas fait le plein. Un  millier de personnes &agrave; peine, dans cet espace qui lors de pr&eacute;c&eacute;dentes  occasions, avait pu en recevoir quatre fois plus. Dans le froid des  nuits de la capitale, les organisateurs avaient pourtant pr&eacute;vu quelques  bonnes surprises. Prix des boissons revus &agrave; la baisse, restauration &agrave;  faible co&ucirc;t, feux de bois allum&eacute;s pour r&eacute;chauffer les plus frileux. Mais  en l&rsquo;absence de la guest star du festival, K-tino dont l&rsquo;emp&ecirc;chement  &eacute;tait connu depuis la veille, plusieurs, &agrave; l&rsquo;ext&eacute;rieur, affichaient leur  d&eacute;ception. &laquo;J&rsquo;&eacute;tais d&eacute;j&agrave; l&agrave; hier (vendredi 11 novembre, ndlr) et elle  n&rsquo;a pas prest&eacute;. Je crois que les organisateurs se sont encore moqu&eacute;s de  nous&raquo;, confie Arthur. Avec sa bande d&rsquo;amis, ils ont choisi de passer  leur soir&eacute;e dans l&rsquo;un des nombreux bar-dancing qui jouxtent l&rsquo;endroit.  Au programme tout de m&ecirc;me, de grosses pointures telles qu&rsquo;Ama Pierrot,  le parrain de cette 13e &eacute;dition ou encore Atebass, invit&eacute; d&rsquo;honneur.  L&rsquo;ancien guitariste des t&ecirc;tes br&ucirc;l&eacute;es s&rsquo;est d&rsquo;ailleurs charg&eacute; de  distinguer la grande gagnante de cette ann&eacute;e, la chanteuse Mani Bella,  r&eacute;compens&eacute;e du prix de &laquo;meilleure artiste f&eacute;minin&raquo; de l&rsquo;ann&eacute;e. Le prix  du &laquo;meilleur artiste bikutsi de l&rsquo;ann&eacute;e&raquo; n&rsquo;a quant &agrave; lui pas &eacute;t&eacute;  attribu&eacute;. &laquo;Nous n&rsquo;avons pas jug&eacute; n&eacute;cessaire de d&eacute;cerner ce prix, au vu  du profil des nomin&eacute;s. Seules les r&eacute;v&eacute;lations ont vraiment march&eacute; cette  ann&eacute;e et nous ne pouvions d&eacute;cerner cette r&eacute;compense supr&ecirc;me &agrave; ces  profils-l&agrave;&raquo;, explique le r&eacute;gisseur du festival Edmond Mballa.<\/p>\n<p><\/span><\/p>\n<p style=\"text-align:justify\" class=\"MsoNormal\"><strong>Palmar&egrave;s&nbsp;:<\/strong><\/p>\n<p style=\"text-align:justify\" class=\"MsoNormal\"><strong>Vainqueur du tournoi de Songo&rsquo;o<\/strong><\/p>\n<p style=\"text-align:justify\" class=\"MsoNormal\">Germain Bessala<\/p>\n<p style=\"text-align:justify\" class=\"MsoNormal\"><strong>Meilleure prestation sc&eacute;nique <\/strong><\/p>\n<p style=\"text-align:justify\" class=\"MsoNormal\">Odilon Maxo<\/p>\n<p style=\"text-align:justify\" class=\"MsoNormal\"><strong>Meilleure r&eacute;v&eacute;lation masculine <\/strong><\/p>\n<p style=\"text-align:justify\" class=\"MsoNormal\">2 Ki Tu<\/p>\n<p style=\"text-align:justify\" class=\"MsoNormal\"><strong>Meilleure r&eacute;v&eacute;lation f&eacute;minine <\/strong><\/p>\n<p style=\"text-align:justify\" class=\"MsoNormal\">Leti&rsquo;s Diva<\/p>\n<p style=\"text-align:justify\" class=\"MsoNormal\"><strong>Meilleur bikutsi de la diaspora <\/strong><\/p>\n<p style=\"text-align:justify\" class=\"MsoNormal\">Biberon Cerveau<\/p>\n<p style=\"text-align:justify\" class=\"MsoNormal\"><strong>Prix du public <\/strong><\/p>\n<p style=\"text-align:justify\" class=\"MsoNormal\">Mintsa Amazone<\/p>\n<p style=\"text-align:justify\" class=\"MsoNormal\"><strong>Meilleur artiste f&eacute;minin du bikutsi <\/strong><\/p>\n<p style=\"text-align:justify\" class=\"MsoNormal\">Mani Bella<br \/>\n&nbsp;<\/p>\n<p style=\"text-align: justify;\">\n<span class=\"small\">Serge-Lionel Nnanga (stagiaire)\t\t<\/span> \t\t&nbsp;<span style=\"font-size: 12pt; font-family: &quot;Times New Roman&quot;;\"><br \/>\n<\/span><\/p>\n","protected":false},"excerpt":{"rendered":"<p>La jeune musicienne a \u00e9t\u00e9 r\u00e9compens\u00e9e \u00abmeilleure artiste f\u00e9minin de bikutsi\u00bb, lors de la c\u00e9r\u00e9monie de cl\u00f4ture de samedi dernier. Devant un nombre moyen de spectateurs. Comme l\u2019ann\u00e9e derni\u00e8re d\u00e9j\u00e0, le camp &#8211; &nbsp; &nbsp; Aes Sonel d&rsquo;Essos &agrave; Yaound&eacute; n&rsquo;aura donc finalement pas fait le plein. Un millier de personnes &agrave; peine, dans cet [&hellip;]<\/p>\n","protected":false},"author":1,"featured_media":0,"comment_status":"open","ping_status":"open","sticky":false,"template":"","format":"standard","meta":{"_acf_changed":false,"footnotes":""},"categories":[],"tags":[],"adace-sponsor":[],"class_list":["post-4428","post","type-post","status-publish","format-standard","hentry"],"acf":[],"wps_subtitle":"","_links":{"self":[{"href":"https:\/\/camerfeeling.fr.fo\/fr\/wp-json\/wp\/v2\/posts\/4428","targetHints":{"allow":["GET"]}}],"collection":[{"href":"https:\/\/camerfeeling.fr.fo\/fr\/wp-json\/wp\/v2\/posts"}],"about":[{"href":"https:\/\/camerfeeling.fr.fo\/fr\/wp-json\/wp\/v2\/types\/post"}],"author":[{"embeddable":true,"href":"https:\/\/camerfeeling.fr.fo\/fr\/wp-json\/wp\/v2\/users\/1"}],"replies":[{"embeddable":true,"href":"https:\/\/camerfeeling.fr.fo\/fr\/wp-json\/wp\/v2\/comments?post=4428"}],"version-history":[{"count":0,"href":"https:\/\/camerfeeling.fr.fo\/fr\/wp-json\/wp\/v2\/posts\/4428\/revisions"}],"wp:attachment":[{"href":"https:\/\/camerfeeling.fr.fo\/fr\/wp-json\/wp\/v2\/media?parent=4428"}],"wp:term":[{"taxonomy":"category","embeddable":true,"href":"https:\/\/camerfeeling.fr.fo\/fr\/wp-json\/wp\/v2\/categories?post=4428"},{"taxonomy":"post_tag","embeddable":true,"href":"https:\/\/camerfeeling.fr.fo\/fr\/wp-json\/wp\/v2\/tags?post=4428"},{"taxonomy":"adace-sponsor","embeddable":true,"href":"https:\/\/camerfeeling.fr.fo\/fr\/wp-json\/wp\/v2\/adace-sponsor?post=4428"}],"curies":[{"name":"wp","href":"https:\/\/api.w.org\/{rel}","templated":true}]}}