{"id":4477,"date":"2012-02-27T14:33:31","date_gmt":"2012-02-27T13:33:31","guid":{"rendered":""},"modified":"2012-02-27T14:33:31","modified_gmt":"2012-02-27T12:33:31","slug":"4477","status":"publish","type":"post","link":"https:\/\/camerfeeling.fr.fo\/fr\/4477\/","title":{"rendered":"Vox Africa r\u00e9am\u00e9nage"},"content":{"rendered":"\n\n\n<p>\nRecrutement. Paul Mahel, Boney Philippe, Martin Camus Mimb et Paulin Mballa, les nouvelles recrues de la cha\u00eene de t\u00e9l\u00e9vision, arrivent avec de nouveaux d\u00e9fis. &#8211; <\/p>\n<div style=\"text-align: justify; \" id=\"cke_pastebin\">\nPour Jules Domche, le directeur Afrique centrale de la cha&icirc;ne de  t&eacute;l&eacute;vision panafricaine Vox Africa, &laquo; apr&egrave;s deux ans de fonctionnement,  on fait une r&eacute;trospective pour voir ce qu&rsquo;on a fait de mauvais et ce  qu&rsquo;on a fait de bien. On a d&eacute;cid&eacute; de cr&eacute;er des programmes pour conqu&eacute;rir  le monde. Si on veut atteindre cet objectif, il faut prendre le point  de d&eacute;part en Afrique.&raquo;&nbsp;<\/div>\n<div style=\"text-align: justify; \" id=\"cke_pastebin\">Pour porter les projets et faire de Vox Africa une v&eacute;ritable cha&icirc;ne de  t&eacute;l&eacute;vision panafricaine, le responsable a proc&eacute;d&eacute; &agrave; un recrutement.  Ainsi, Paul Mahel, Boney Philippe, Martin Camus Mimb et Paulin Mballa  sont les nouvelles recrues de la cha&icirc;ne. Ils ont &eacute;t&eacute; pr&eacute;sent&eacute;s au cours  d&rsquo;une c&eacute;r&eacute;monie qui s&rsquo;est d&eacute;roul&eacute;e vendredi, 17 f&eacute;vrier 2012 &agrave; Douala.&nbsp;<\/div>\n<div style=\"text-align: justify; \">&nbsp;<\/div>\n<div style=\"text-align: justify; \" id=\"cke_pastebin\">Cette &eacute;quipe arrive avec un r&eacute;am&eacute;nagement des programmes. &laquo; Nous avons  d&eacute;cid&eacute; de nous lancer dans le sport &raquo;, affirme Jules Domche. Martin  Camus Mimb et Boney Philippe sont l&agrave; pour la t&acirc;che. Ils vont pr&eacute;senter  des &eacute;missions comme &laquo;Vox Africa Football &raquo;, &laquo; Vox Africa Sport &raquo; et &laquo; La  tribune de sport &raquo;. Trois programmes qui vont passer au peigne fin le  football et le sport africain. Paul Mahel, le nouveau directeur des  programmes et chef du bureau de Douala, arrive avec &laquo; Recto verso &raquo;, un  concept qui va revisiter la vie d&rsquo;une personnalit&eacute; du Cameroun et de  l&rsquo;Afrique. Paulin Mballa pr&eacute;sentera &laquo; Vox Africa press club &raquo; et  co-pr&eacute;sentera &laquo; Afrique en 7 &raquo; avec Annie Payep.&nbsp;<\/div>\n<div style=\"text-align: justify; \">&nbsp;<\/div>\n<div style=\"text-align: justify; \" id=\"cke_pastebin\">Pour relever le d&eacute;fi qui est le leur, le directeur r&eacute;gional Afrique  centrale de Vox Africa demande l&rsquo;attention du public. &laquo; Nous avons  besoin de votre soutien et de vos critiques pour avancer &raquo;, exhorte  Jules Domche. La campagne d&rsquo;affichage des &eacute;missions d&eacute;bute le 25 f&eacute;vrier  2012 et les &eacute;missions en mars.<\/div>\n<div style=\"text-align: justify; \" id=\"cke_pastebin\">&nbsp;<\/div>\n<p><em>Armelle Nina Sitchoma (Stagiaire)<\/em><\/p>\n","protected":false},"excerpt":{"rendered":"<p>Recrutement. Paul Mahel, Boney Philippe, Martin Camus Mimb et Paulin Mballa, les nouvelles recrues de la cha\u00eene de t\u00e9l\u00e9vision, arrivent avec de nouveaux d\u00e9fis. &#8211; Pour Jules Domche, le directeur Afrique centrale de la cha&icirc;ne de t&eacute;l&eacute;vision panafricaine Vox Africa, &laquo; apr&egrave;s deux ans de fonctionnement, on fait une r&eacute;trospective pour voir ce qu&rsquo;on a [&hellip;]<\/p>\n","protected":false},"author":1,"featured_media":0,"comment_status":"open","ping_status":"open","sticky":false,"template":"","format":"standard","meta":{"_acf_changed":false,"footnotes":""},"categories":[],"tags":[],"adace-sponsor":[],"class_list":["post-4477","post","type-post","status-publish","format-standard","hentry"],"acf":[],"wps_subtitle":"","_links":{"self":[{"href":"https:\/\/camerfeeling.fr.fo\/fr\/wp-json\/wp\/v2\/posts\/4477","targetHints":{"allow":["GET"]}}],"collection":[{"href":"https:\/\/camerfeeling.fr.fo\/fr\/wp-json\/wp\/v2\/posts"}],"about":[{"href":"https:\/\/camerfeeling.fr.fo\/fr\/wp-json\/wp\/v2\/types\/post"}],"author":[{"embeddable":true,"href":"https:\/\/camerfeeling.fr.fo\/fr\/wp-json\/wp\/v2\/users\/1"}],"replies":[{"embeddable":true,"href":"https:\/\/camerfeeling.fr.fo\/fr\/wp-json\/wp\/v2\/comments?post=4477"}],"version-history":[{"count":0,"href":"https:\/\/camerfeeling.fr.fo\/fr\/wp-json\/wp\/v2\/posts\/4477\/revisions"}],"wp:attachment":[{"href":"https:\/\/camerfeeling.fr.fo\/fr\/wp-json\/wp\/v2\/media?parent=4477"}],"wp:term":[{"taxonomy":"category","embeddable":true,"href":"https:\/\/camerfeeling.fr.fo\/fr\/wp-json\/wp\/v2\/categories?post=4477"},{"taxonomy":"post_tag","embeddable":true,"href":"https:\/\/camerfeeling.fr.fo\/fr\/wp-json\/wp\/v2\/tags?post=4477"},{"taxonomy":"adace-sponsor","embeddable":true,"href":"https:\/\/camerfeeling.fr.fo\/fr\/wp-json\/wp\/v2\/adace-sponsor?post=4477"}],"curies":[{"name":"wp","href":"https:\/\/api.w.org\/{rel}","templated":true}]}}