{"id":4479,"date":"2012-03-07T20:30:57","date_gmt":"2012-03-07T19:30:57","guid":{"rendered":""},"modified":"2012-03-07T20:30:57","modified_gmt":"2012-03-07T18:30:57","slug":"4479","status":"publish","type":"post","link":"https:\/\/camerfeeling.fr.fo\/fr\/4479\/","title":{"rendered":"L.Ponce et B.Decca au conseil de discipline"},"content":{"rendered":"\n\n\n<p>\nSocam. Ils sont accus\u00e9s de ternir l\u2019image de la soci\u00e9t\u00e9 collective de droits des musiciens, de m\u00eame que Jacky Biho, Ledoux Marcellin et Atango de Manajama.  &#8211; <\/p>\n<div style=\"text-align: justify; \" id=\"cke_pastebin\">\n<p>Lady Ponce et Ben Decca &eacute;taient attendus hier apr&egrave;s-midi pour  s&rsquo;expliquer devant le conseil de discipline de la Soci&eacute;t&eacute; camerounaise  de l&rsquo;art musical (Socam).&nbsp;<\/p><\/div>\n<div style=\"text-align: justify; \" id=\"cke_pastebin\">Ils ne sont pas venus. D&rsquo;apr&egrave;s Sam S&eacute;v&eacute;rin Ango, le charg&eacute; de la  communication de la Socam, les deux artistes sont accus&eacute;s de &laquo; porter  atteinte &agrave; l&rsquo;image de la maison &raquo;. Ils sont passibles de sanctions  allant du bl&acirc;me &agrave; l&rsquo;exclusion. &nbsp;<\/div>\n<div style=\"text-align: justify; \">&nbsp;<\/div>\n<div style=\"text-align: justify; \" id=\"cke_pastebin\">En effet, dans une interview parue le 13 f&eacute;vrier dans Le Jour, Lady  Ponce d&eacute;clarait que &laquo; la Socam n&rsquo;a pas d&rsquo;avenir &raquo;. La chanteuse de  bikutsi, qui se trouve en France en ce moment, expliquait que cette  soci&eacute;t&eacute; collective n&rsquo;&eacute;tait pas reconnue par la Sacem. Invit&eacute; d&rsquo;une  &eacute;mission sur Equinoxe Tv en f&eacute;vrier dernier, Ben Decca, pour sa part, a  soutenu que du temps de la Cameroon music corporation (Cmc), le droit  d&rsquo;auteur et les artistes se portaient mieux.&nbsp;<\/div>\n<div style=\"text-align: justify; \">&nbsp;<\/div>\n<div style=\"text-align: justify; \" id=\"cke_pastebin\">Des propos qualifi&eacute;s de &laquo; d&eacute;sobligeants &raquo; par la Socam et pour lesquels  le chanteur a re&ccedil;u, vendredi dernier &agrave; Douala, une convocation &agrave; se  pr&eacute;senter devant le conseil de discipline. Joint au t&eacute;l&eacute;phone hier, Ben  Decca a affirm&eacute; : &laquo; Je me vois mal en train de d&eacute;penser mon &eacute;nergie pour  aller me faire interroger par ces personnes. Je suis soci&eacute;taire de la  Socam, pas employ&eacute;. Ce que j&rsquo;attends de la Socam, c&rsquo;est qu&rsquo;elle me verse  mes droits d&rsquo;auteur. Et le public attend de moi que je sorte des  chansons. Le reste ne m&rsquo;int&eacute;resse pas &raquo;.&nbsp;<\/div>\n<div style=\"text-align: justify; \">&nbsp;<\/div>\n<div style=\"text-align: justify; \" id=\"cke_pastebin\">D&rsquo;autres artistes ont &eacute;galement &eacute;t&eacute; convoqu&eacute;s, parmi lesquels Jacky  Biho, Atango de Manajama et Ledoux Marcellin. Ils sont accus&eacute;s de s&rsquo;&ecirc;tre  d&eacute;solidaris&eacute;s de la Socam pour avoir rejoint le camp du producteur  Raymond Tchengang, par ailleurs administrateur &agrave; la Socam. Apr&egrave;s une  tentative de fusion avort&eacute;e entre la Socam et la Cmc, le Pdg de  RT&amp;Stars a donn&eacute; une conf&eacute;rence de presse, le 23 ao&ucirc;t 2011 &agrave;  Yaound&eacute;, en pr&eacute;sence de Sam Mbende, pour menacer de d&eacute;missionner. Dans  son &eacute;quipe ce jour-l&agrave; se trouvaient les trois artistes cit&eacute;s.&nbsp;<\/div>\n<div style=\"text-align: justify; \">&nbsp;<\/div>\n<div style=\"text-align: justify; \" id=\"cke_pastebin\">Jacky Biho et Ledoux Marcellin se sont pr&eacute;sent&eacute;s hier au conseil de  discipline de la Socam. D&eacute;j&agrave;, ils avaient envoy&eacute; une lettre d&rsquo;excuses  aux administrateurs de la Socam. &laquo; Apr&egrave;s avoir pris du recul, on s&rsquo;est  rendu compte qu&rsquo;on a une carri&egrave;re &agrave; d&eacute;fendre. Nous restons de tout c&oelig;ur  avec la Socam, il est de notre responsabilit&eacute; de prendre notre destin en  main &raquo;, affirme Ledoux Marcellin, dont le troisi&egrave;me album a &eacute;t&eacute; produit  par Raymond Tchengang.&nbsp;<\/div>\n<div style=\"text-align: justify; \">&nbsp;<\/div>\n<div style=\"text-align: right; \" id=\"cke_pastebin\"><em>St&eacute;phanie Dongmo<\/em><\/div>\n","protected":false},"excerpt":{"rendered":"<p>Socam. Ils sont accus\u00e9s de ternir l\u2019image de la soci\u00e9t\u00e9 collective de droits des musiciens, de m\u00eame que Jacky Biho, Ledoux Marcellin et Atango de Manajama. &#8211; Lady Ponce et Ben Decca &eacute;taient attendus hier apr&egrave;s-midi pour s&rsquo;expliquer devant le conseil de discipline de la Soci&eacute;t&eacute; camerounaise de l&rsquo;art musical (Socam).&nbsp; Ils ne sont pas [&hellip;]<\/p>\n","protected":false},"author":1,"featured_media":0,"comment_status":"open","ping_status":"open","sticky":false,"template":"","format":"standard","meta":{"_acf_changed":false,"footnotes":""},"categories":[],"tags":[],"adace-sponsor":[],"class_list":["post-4479","post","type-post","status-publish","format-standard","hentry"],"acf":[],"wps_subtitle":"","_links":{"self":[{"href":"https:\/\/camerfeeling.fr.fo\/fr\/wp-json\/wp\/v2\/posts\/4479","targetHints":{"allow":["GET"]}}],"collection":[{"href":"https:\/\/camerfeeling.fr.fo\/fr\/wp-json\/wp\/v2\/posts"}],"about":[{"href":"https:\/\/camerfeeling.fr.fo\/fr\/wp-json\/wp\/v2\/types\/post"}],"author":[{"embeddable":true,"href":"https:\/\/camerfeeling.fr.fo\/fr\/wp-json\/wp\/v2\/users\/1"}],"replies":[{"embeddable":true,"href":"https:\/\/camerfeeling.fr.fo\/fr\/wp-json\/wp\/v2\/comments?post=4479"}],"version-history":[{"count":0,"href":"https:\/\/camerfeeling.fr.fo\/fr\/wp-json\/wp\/v2\/posts\/4479\/revisions"}],"wp:attachment":[{"href":"https:\/\/camerfeeling.fr.fo\/fr\/wp-json\/wp\/v2\/media?parent=4479"}],"wp:term":[{"taxonomy":"category","embeddable":true,"href":"https:\/\/camerfeeling.fr.fo\/fr\/wp-json\/wp\/v2\/categories?post=4479"},{"taxonomy":"post_tag","embeddable":true,"href":"https:\/\/camerfeeling.fr.fo\/fr\/wp-json\/wp\/v2\/tags?post=4479"},{"taxonomy":"adace-sponsor","embeddable":true,"href":"https:\/\/camerfeeling.fr.fo\/fr\/wp-json\/wp\/v2\/adace-sponsor?post=4479"}],"curies":[{"name":"wp","href":"https:\/\/api.w.org\/{rel}","templated":true}]}}