{"id":4484,"date":"2012-03-07T20:44:14","date_gmt":"2012-03-07T19:44:14","guid":{"rendered":""},"modified":"2012-03-07T20:44:14","modified_gmt":"2012-03-07T18:44:14","slug":"4484","status":"publish","type":"post","link":"https:\/\/camerfeeling.fr.fo\/fr\/4484\/","title":{"rendered":"Vox Africa en mode silence"},"content":{"rendered":"\n\n\n<p>\nT\u00e9l\u00e9vision. La cha\u00eene ne fait plus partie du bouquet Tv+ d\u2019Emmanuel Chatu\u00e9. &#8211; <\/p>\n<p>&nbsp;<\/p>\n<div style=\"text-align: justify; \" id=\"cke_pastebin\">A en croire Jules Domch&eacute;, son directeur Afrique centrale, Vox Africa ne  fait plus partie du bouquet Tv+ depuis le week-end dernier. Le bouquet  satellite h&eacute;berge pourtant cette cha&icirc;ne de t&eacute;l&eacute;vision depuis l&rsquo;ann&eacute;e  2009. Mais Tv+ a d&eacute;cid&eacute; unilat&eacute;ralement de rompre cette collaboration.  Du coup, les commentaires se sont d&eacute;cha&icirc;n&eacute;s dans les forums de  journalistes.&nbsp;<\/div>\n<div style=\"text-align: justify; \">&nbsp;<\/div>\n<div style=\"text-align: justify; \" id=\"cke_pastebin\">En cause, le mercato. Selon les informations qui circulent sur le  groupe 237 m&eacute;dias, le patron de Tv+ essaie de se venger de ce que Vox  Africa a d&eacute;bauch&eacute; des journalistes de Canal 2 : Paul Mahel et Bonny  Philippe. Ces commentaires se fondent sur le fait qu&rsquo;Emmanuel Chatu&eacute;, le  pr&eacute;sident directeur g&eacute;n&eacute;ral de Canal2, est aussi le patron de Tv+.  &nbsp;D&rsquo;apr&egrave;s un abonn&eacute; de ce forum, Emmanuel Chatu&eacute; aurait affirm&eacute; que le  d&eacute;part de ces journalistes n&rsquo;a rien chang&eacute; au fonctionnement de son  entreprise et que la suspension de Vox Africa du bouquet Tv+ serait due &agrave;  des raisons contractuelles. &laquo; J&rsquo;ai d&rsquo;abord cru que c&rsquo;&eacute;tait un probl&egrave;me  technique, mais, maintenant qu&rsquo;on parle d&rsquo;un probl&egrave;me contractuel,  j&rsquo;attends qu&rsquo;on m&rsquo;explique &raquo;, a confi&eacute; Jules Domch&eacute;. Joint au t&eacute;l&eacute;phone  hier, Emmanuel Chatu&eacute; n&rsquo;a pas souhait&eacute; s&rsquo;exprimer sur la question.<\/div>\n<div style=\"text-align: justify; \" id=\"cke_pastebin\">&nbsp;<\/div>\n<div style=\"text-align: right; \" id=\"cke_pastebin\"><em>Aziz Salatou<\/em><\/div>\n<p>&nbsp;<\/p>\n","protected":false},"excerpt":{"rendered":"<p>T\u00e9l\u00e9vision. La cha\u00eene ne fait plus partie du bouquet Tv+ d\u2019Emmanuel Chatu\u00e9. &#8211; &nbsp; A en croire Jules Domch&eacute;, son directeur Afrique centrale, Vox Africa ne fait plus partie du bouquet Tv+ depuis le week-end dernier. Le bouquet satellite h&eacute;berge pourtant cette cha&icirc;ne de t&eacute;l&eacute;vision depuis l&rsquo;ann&eacute;e 2009. Mais Tv+ a d&eacute;cid&eacute; unilat&eacute;ralement de rompre [&hellip;]<\/p>\n","protected":false},"author":1,"featured_media":0,"comment_status":"open","ping_status":"open","sticky":false,"template":"","format":"standard","meta":{"_acf_changed":false,"footnotes":""},"categories":[],"tags":[],"adace-sponsor":[],"class_list":["post-4484","post","type-post","status-publish","format-standard","hentry"],"acf":[],"wps_subtitle":"","_links":{"self":[{"href":"https:\/\/camerfeeling.fr.fo\/fr\/wp-json\/wp\/v2\/posts\/4484","targetHints":{"allow":["GET"]}}],"collection":[{"href":"https:\/\/camerfeeling.fr.fo\/fr\/wp-json\/wp\/v2\/posts"}],"about":[{"href":"https:\/\/camerfeeling.fr.fo\/fr\/wp-json\/wp\/v2\/types\/post"}],"author":[{"embeddable":true,"href":"https:\/\/camerfeeling.fr.fo\/fr\/wp-json\/wp\/v2\/users\/1"}],"replies":[{"embeddable":true,"href":"https:\/\/camerfeeling.fr.fo\/fr\/wp-json\/wp\/v2\/comments?post=4484"}],"version-history":[{"count":0,"href":"https:\/\/camerfeeling.fr.fo\/fr\/wp-json\/wp\/v2\/posts\/4484\/revisions"}],"wp:attachment":[{"href":"https:\/\/camerfeeling.fr.fo\/fr\/wp-json\/wp\/v2\/media?parent=4484"}],"wp:term":[{"taxonomy":"category","embeddable":true,"href":"https:\/\/camerfeeling.fr.fo\/fr\/wp-json\/wp\/v2\/categories?post=4484"},{"taxonomy":"post_tag","embeddable":true,"href":"https:\/\/camerfeeling.fr.fo\/fr\/wp-json\/wp\/v2\/tags?post=4484"},{"taxonomy":"adace-sponsor","embeddable":true,"href":"https:\/\/camerfeeling.fr.fo\/fr\/wp-json\/wp\/v2\/adace-sponsor?post=4484"}],"curies":[{"name":"wp","href":"https:\/\/api.w.org\/{rel}","templated":true}]}}