{"id":4486,"date":"2012-03-07T20:46:36","date_gmt":"2012-03-07T19:46:36","guid":{"rendered":""},"modified":"2012-03-07T20:46:36","modified_gmt":"2012-03-07T18:46:36","slug":"4486","status":"publish","type":"post","link":"https:\/\/camerfeeling.fr.fo\/fr\/4486\/","title":{"rendered":"Me Tagne plaide pour Elecam"},"content":{"rendered":"\n\n\n<p>Essai. L\u2019avocat d\u00e9montre que l\u2019institution est une avanc\u00e9e dans le perfectionnement du syst\u00e8me \u00e9lectoral au Cameroun. &#8211; <\/p>\n<p>&nbsp;<\/p>\n<div style=\"text-align: justify; \" id=\"cke_pastebin\">La question centrale de l&rsquo;ouvrage a le m&eacute;rite d&rsquo;&ecirc;tre claire : &laquo; Elecam,  telle qu&rsquo;elle a &eacute;t&eacute; am&eacute;nag&eacute;e et mise effectivement en fonctionnement au  niveau national comme structure neutre de gestion des op&eacute;rations  &eacute;lectorales, a-t-elle les moyens d&rsquo;assurer le d&eacute;roulement d&eacute;mocratique  des &eacute;lections au Cameroun ? &raquo;&nbsp;<\/div>\n<div style=\"text-align: justify; \" id=\"cke_pastebin\">L&rsquo;auteur de &laquo; Elecam et le droit de vote au Cameroun &raquo;, avocat au  barreau du Cameroun et surtout d&eacute;l&eacute;gu&eacute; r&eacute;gional d&rsquo;Elecam pour la r&eacute;gion  de l&rsquo;Ouest, Me Ren&eacute; Tagne, r&eacute;pond &agrave; cette question par l&rsquo;affirmative,  indiquant que l&rsquo;institution a bien les moyens humains, financiers et  mat&eacute;riels n&eacute;cessaires pour assurer un d&eacute;roulement &laquo; honn&ecirc;te, libre et  impartial &raquo; des &eacute;lections afin de permettre l&rsquo;acceptation des r&eacute;sultats  &eacute;lectoraux par tous les acteurs du scrutin.&nbsp;<\/div>\n<div style=\"text-align: justify; \">&nbsp;<\/div>\n<div style=\"text-align: justify; \" id=\"cke_pastebin\">Ces moyens ont-ils pour autant &eacute;t&eacute; judicieusement utilis&eacute;s lors du  premier test d&rsquo;impartialit&eacute; de l&rsquo;institution, &agrave; savoir l&rsquo;&eacute;lection  pr&eacute;sidentielle du 9 octobre dernier ? L&rsquo;auteur, qui a publi&eacute; l&rsquo;essai en  septembre 2011, quelques semaines avant le rendez-vous &eacute;lectoral de la  pr&eacute;sidentielle, n&rsquo;avait pas cach&eacute; son optimisme. Elecam, pour lui, aura  &eacute;t&eacute; un arbitre du jeu &eacute;lectoral contest&eacute; &laquo; avant le match &raquo;. En effet,  avant le scrutin pr&eacute;sidentiel, la soci&eacute;t&eacute; civile, les partis politiques  de l&rsquo;opposition et des chancelleries occidentales avaient d&eacute;nonc&eacute; une  structure aux ordres, compos&eacute;e de membres presque tous issus du parti au  pouvoir.<\/div>\n<div style=\"text-align: justify; \" id=\"cke_pastebin\">&nbsp;<\/div>\n<div style=\"text-align: justify; \" id=\"cke_pastebin\"><strong>Insuffisances&nbsp;<\/strong><\/div>\n<div style=\"text-align: justify; \" id=\"cke_pastebin\">Une critique jug&eacute;e h&acirc;tive par l&rsquo;auteur, qui recommandait de formuler un  jugement &laquo; au terme de la prochaine &eacute;lection pr&eacute;sidentielle &raquo;. Le  d&eacute;roulement de l&rsquo;&eacute;lection a justifi&eacute; les critiques formul&eacute;es, Elecam  ayant montr&eacute; des insuffisances. L&rsquo;auteur va-t-il r&eacute;viser sa position ?  En guise de conclusion de son ouvrage, Me Ren&eacute; Tagne, au terme d&rsquo;une  d&eacute;monstration articul&eacute;e en deux parties (contexte historique de cr&eacute;ation  d&rsquo;Elecam et Elecam ou la recherche d&rsquo;un syst&egrave;me institutionnel  accompli), affirme que l&rsquo;analyse des textes en rapport avec le  fonctionnement d&rsquo;Elecam a r&eacute;v&eacute;l&eacute; des dispositions l&eacute;gales et  r&eacute;glementaires &laquo; d&rsquo;une hardiesse certaine &raquo; qui concourent &agrave;  l&rsquo;affirmation du droit de vote, droit fondamental de l&rsquo;homme. Il affirme  ainsi l&rsquo;ind&eacute;pendance structurelle et organique d&rsquo;Elecam.<\/div>\n<div style=\"text-align: justify; \">&nbsp;<\/div>\n<div style=\"text-align: justify; \" id=\"cke_pastebin\">Qui pourrait, d&egrave;s lors, contredire Me Tagne lorsqu&rsquo;il affirme que les  institutions les plus belles, les mieux con&ccedil;ues, les mieux am&eacute;nag&eacute;es ne  valent gu&egrave;re que ce que valent les hommes et les femmes auxquels revient  la t&acirc;che de les faire vivre ? Mais, comme le r&eacute;v&egrave;le le pr&eacute;facier, Alain  Ondoua, agr&eacute;g&eacute; des facult&eacute;s de droit, la plume de Me Tagne s&rsquo;av&egrave;re &laquo;  retenue &raquo; sur certaines controverses &laquo; sur lesquelles son point de vue  aurait &eacute;t&eacute; le bienvenu &raquo;. En effet, le lecteur cherchera en vain le  point de vue de Me Ren&eacute; Tagne sur les relations pas toujours  harmonieuses entre le Conseil &eacute;lectoral et la direction g&eacute;n&eacute;rale des  Elections, et sur la r&eacute;introduction de l&rsquo;administration dans le  dispositif de l&rsquo;organisation des &eacute;lections. Ag&eacute; de 48 ans, Me Tagne est  docteur en droits de l&rsquo;homme et d&eacute;mocratie et enseignant vacataire &agrave;  l&rsquo;universit&eacute; de Dschang. En tant que responsable r&eacute;gional d&rsquo;Elecam, il a  dirig&eacute; la mise en place de l&rsquo;institution dans la r&eacute;gion de l&rsquo;Ouest.<\/div>\n<div style=\"text-align: justify; \" id=\"cke_pastebin\">&nbsp;<\/div>\n<div style=\"text-align: right; \" id=\"cke_pastebin\"><em>Claude Tadjon<\/em><\/div>\n<div style=\"text-align: justify; \" id=\"cke_pastebin\">&nbsp;<\/div>\n<div style=\"text-align: center; \" id=\"cke_pastebin\">Ren&eacute; Tagne<\/div>\n<div style=\"text-align: center; \" id=\"cke_pastebin\"><strong>Elecam et le droit de vote au Cameroun<\/strong><\/div>\n<div style=\"text-align: center; \" id=\"cke_pastebin\">Ceper S.A,. Yaound&eacute;&nbsp;<\/div>\n<div style=\"text-align: center; \" id=\"cke_pastebin\">Septembre 2011, 189 pages&nbsp; <\/div>\n","protected":false},"excerpt":{"rendered":"<p>Essai. L\u2019avocat d\u00e9montre que l\u2019institution est une avanc\u00e9e dans le perfectionnement du syst\u00e8me \u00e9lectoral au Cameroun. &#8211; &nbsp; La question centrale de l&rsquo;ouvrage a le m&eacute;rite d&rsquo;&ecirc;tre claire : &laquo; Elecam, telle qu&rsquo;elle a &eacute;t&eacute; am&eacute;nag&eacute;e et mise effectivement en fonctionnement au niveau national comme structure neutre de gestion des op&eacute;rations &eacute;lectorales, a-t-elle les moyens [&hellip;]<\/p>\n","protected":false},"author":1,"featured_media":0,"comment_status":"open","ping_status":"open","sticky":false,"template":"","format":"standard","meta":{"_acf_changed":false,"footnotes":""},"categories":[],"tags":[],"adace-sponsor":[],"class_list":["post-4486","post","type-post","status-publish","format-standard","hentry"],"acf":[],"wps_subtitle":"","_links":{"self":[{"href":"https:\/\/camerfeeling.fr.fo\/fr\/wp-json\/wp\/v2\/posts\/4486","targetHints":{"allow":["GET"]}}],"collection":[{"href":"https:\/\/camerfeeling.fr.fo\/fr\/wp-json\/wp\/v2\/posts"}],"about":[{"href":"https:\/\/camerfeeling.fr.fo\/fr\/wp-json\/wp\/v2\/types\/post"}],"author":[{"embeddable":true,"href":"https:\/\/camerfeeling.fr.fo\/fr\/wp-json\/wp\/v2\/users\/1"}],"replies":[{"embeddable":true,"href":"https:\/\/camerfeeling.fr.fo\/fr\/wp-json\/wp\/v2\/comments?post=4486"}],"version-history":[{"count":0,"href":"https:\/\/camerfeeling.fr.fo\/fr\/wp-json\/wp\/v2\/posts\/4486\/revisions"}],"wp:attachment":[{"href":"https:\/\/camerfeeling.fr.fo\/fr\/wp-json\/wp\/v2\/media?parent=4486"}],"wp:term":[{"taxonomy":"category","embeddable":true,"href":"https:\/\/camerfeeling.fr.fo\/fr\/wp-json\/wp\/v2\/categories?post=4486"},{"taxonomy":"post_tag","embeddable":true,"href":"https:\/\/camerfeeling.fr.fo\/fr\/wp-json\/wp\/v2\/tags?post=4486"},{"taxonomy":"adace-sponsor","embeddable":true,"href":"https:\/\/camerfeeling.fr.fo\/fr\/wp-json\/wp\/v2\/adace-sponsor?post=4486"}],"curies":[{"name":"wp","href":"https:\/\/api.w.org\/{rel}","templated":true}]}}