{"id":4577,"date":"2013-01-23T19:50:27","date_gmt":"2013-01-23T18:50:27","guid":{"rendered":""},"modified":"2013-01-23T19:50:27","modified_gmt":"2013-01-23T17:50:27","slug":"4577","status":"publish","type":"post","link":"https:\/\/camerfeeling.fr.fo\/fr\/4577\/","title":{"rendered":"Sam Mbend\u00e8: \u00abLa CMC va poursuivre sa croisade contre le droit de l\u2019injustice\u00bb"},"content":{"rendered":"\n\n\n<p>\n\u00ab\u00a0Au regard de leur c\u00e9cit\u00e9 juridique, il se trouve que certains individus, englu\u00e9s dans la caverne t\u00e9n\u00e9breuse peupl\u00e9e d\u2019ombres, d\u2019illusions, ont cru devoir, dans leur masturbation intellectuelle, prendre malgr\u00e9 tout quelques libert\u00e9s avec des voies de droit en se livrant \u00e0 des insinuations malveillantes et regrettables laissant croire que la Cour supr\u00eame du Cameroun a non seulement adoub\u00e9 la soi-disant Socam, mais a aussi boucl\u00e9 l\u2019affaire Cameroon Music Corporation contre le minist\u00e8re des Arts et de la culture en confortant d\u00e9finitivement les d\u00e9cisions prises par Madame la ministre contre la Cmc.\u00a0\u00bb &#8211; <\/p>\n<p><\/p>\n<div align=\"justify\"><font size=\"+1\"><b>Question de droit<\/b><\/font> <\/p>\n<p>Le pr&eacute;sident du conseil d&rsquo;administration de la Cameroon music  corporation(Cmc) dans un franc-parler quasi l&eacute;gendaire revient sur les  derniers d&eacute;veloppements de l&rsquo;affaire qui oppose la Cmc au minist&egrave;re de  la Culture (Mincult) d&rsquo;alors, notamment la d&eacute;cision de la chambre  administrative de la Cour supr&ecirc;me rendue en d&eacute;cembre 2012, laquelle  continue de faire jaser. Preuve, hier, mardi 22 janvier 2013, en sa  qualit&eacute; de l&rsquo;invit&eacute; du journal de 13heures sur les ondes de la Cameroon  radio and television (Crtv), Ama Tutu Muna, la ministre des Arts et de  la culture (Minacult) r&eacute;pondant aux questions de Fran&ccedil;ois Marc Modzom,  qui revenait sur les missions de la Commission permanente de m&eacute;diation  et de contr&ocirc;le dont les membres nouvellement nomm&eacute;s venaient d&rsquo;&ecirc;tre  install&eacute;s, n&rsquo;est pas pass&eacute; par quatre chemins pour indiquer : &laquo;le 27  d&eacute;cembre 2012, la Cour supr&ecirc;me a confirm&eacute; le retrait de l&rsquo;agr&eacute;ment &agrave; la  Cameroon music corporation (Cmc). La recr&eacute;ation est termin&eacute;e&raquo;. Pourtant,  Sam Mbed&egrave; en sp&eacute;cialiste du droit, &eacute;voque un statut quo ante qui reste  et demeure favorable &agrave; la soci&eacute;t&eacute; de gestion du droit d&rsquo;auteur de l&rsquo;art  musical dont il est par ailleurs, le pr&eacute;sident du conseil  d&rsquo;administration. Le Messager est all&eacute; &agrave; la rencontre de Sam Mbende pour  d&eacute;crocher et servir cet entretien &eacute;difiant aux lecteurs. <\/p>\n<p><font color=\"red\"><b>Alain NJIPOU<\/b><\/font>  <\/p>\n<p>\n<font size=\"+1\"><b>Sam Mbend&egrave;: &laquo;La CMC va poursuivre sa croisade contre le droit de l&rsquo;injustice&raquo;<\/b><\/font> <\/p>\n<p><\/p>\n<div class=\"storyimageleft\"><img decoding=\"async\" data-expand=\"600\" class=\"lazyload\" border=\"0\" src=\"data:image\/svg+xml;charset=utf-8,%3Csvg xmlns%3D'http%3A%2F%2Fwww.w3.org%2F2000%2Fsvg' viewBox%3D'0 0 1 1'%2F%3E\" data-src=\"http:\/\/www.cameroon-info.net\/img\/news\/sam_mbende_cmc1_250.jpg\" alt=\"\" \/><\/p>\n<div class=\"storyimagecaption\">Sam Mbende<br \/>\nPhoto: &copy; Archives<\/div>\n<\/div>\n<p><b>Au  cours d&rsquo;une audience publique ordinaire, au mois de d&eacute;cembre 2012, la  Cour supr&ecirc;me a rendu une d&eacute;cision spectaculaire rejetant le recours au  fond introduit par la Cmc, sur l&rsquo;annulation des d&eacute;cisions de la ministre  Ama Tutu Muna. Est-ce que le pr&eacute;sident de la Cameroon music corporation  est au courant de ce revirement ?<\/b> <\/p>\n<p>Etant l&eacute;galiste et, qui plus est, sp&eacute;cialiste du droit, vous allez  me permettre de ne pas commenter une d&eacute;cision de justice pour une  affaire qui, contrairement aux incuries d&eacute;velopp&eacute;es par certains  analphab&egrave;tes du droit se recrutant &agrave; la soi-disant Socam et au minist&egrave;re  des Arts et de la culture, est toujours en cours. Et pour revenir sur  les termes de votre question, au sujet justement du fameux revirement  dont vous parlez, il n&rsquo;en est nullement question. D&rsquo;o&ugrave; la s&eacute;r&eacute;nit&eacute; que  vous observez &agrave; la Cmc. Les sp&eacute;cialistes du droit vous le diront : la  d&eacute;cision de la Chambre administrative, si&eacute;geant en premi&egrave;re instance,  prise le 27 d&eacute;cembre 2012, qui n&rsquo;est pas, faut-il le relever, ni une  ordonnance ni un pourvoi, est un non &eacute;v&eacute;nement, l&rsquo;ordonnance  N&deg;034\/OSE\/CA\/CS\/2008 rendue le 17 d&eacute;cembre 2008 par la Chambre  administrative de la Cour supr&ecirc;me et ordonnant un sursis &agrave; ex&eacute;cution  contre la d&eacute;cision de la ministre des Arts et de la Culture retirant  l&rsquo;agr&eacute;ment &agrave; la Cmc &eacute;tant pass&eacute;e en force de la chose jug&eacute;e. A Madame la  ministre des Arts et de la culture d&rsquo;appliquer cette ordonnance qui  r&eacute;tablit la Cameroon Music Corporation dans ses droits. Et c&rsquo;est tout.  Qui veut cacher la v&eacute;rit&eacute; ? <\/p>\n<p>\n<b>Pour la gouverne des lecteurs du Messager et de nombreux curieux  qui s&rsquo;int&eacute;ressent &agrave; la gestion du droit d&rsquo;auteur au Cameroun, cette  d&eacute;cision de la Cour supr&ecirc;me signifie-t-elle que la Cmc a &eacute;t&eacute; d&eacute;bout&eacute;e  d&eacute;finitivement ?<\/b> <\/p>\n<p>Au regard de leur c&eacute;cit&eacute; juridique, il se trouve que certains  individus, englu&eacute;s dans la caverne t&eacute;n&eacute;breuse peupl&eacute;e d&rsquo;ombres,  d&rsquo;illusions, ont cru devoir, dans leur masturbation intellectuelle,  prendre malgr&eacute; tout quelques libert&eacute;s avec des voies de droit en se  livrant &agrave; des insinuations malveillantes et regrettables laissant croire  que la Cour supr&ecirc;me du Cameroun a non seulement adoub&eacute; la soi-disant  Socam, mais a aussi boucl&eacute; l&rsquo;affaire Cameroon Music Corporation contre  le minist&egrave;re des Arts et de la culture en confortant d&eacute;finitivement les  d&eacute;cisions prises par Madame la ministre contre la Cmc. <\/p>\n<p>Tout en condamnant de tels fantasmes avec la derni&egrave;re &eacute;nergie, il  est important de relever que dans sa logique des proc&eacute;dures qu&rsquo;elle a  diligent&eacute;es dans le cadre de l&rsquo;affaire qui l&rsquo;oppose au minist&egrave;re des  Arts et de la culture et conform&eacute;ment aux voies de recours mises &agrave; la  disposition des justiciables et des plaideurs par la loi N&deg;2006\/022 du  29 d&eacute;cembre 2006 fixant l&rsquo;organisation et le fonctionnement des  tribunaux administratifs au Cameroun, pour leur permettre de faire  valoir les irr&eacute;gularit&eacute;s observ&eacute;es dans le d&eacute;roulement d&rsquo;une proc&eacute;dure,  la Cmc continuera d&rsquo;utiliser toutes les proc&eacute;dures selon la  r&eacute;glementation en vigueur et dans le respect des institutions de la  R&eacute;publique et de ceux qui les incarnent.  <\/p>\n<p>\n<b>La Cmc va-t-elle attaquer cette autre d&eacute;cision de la Chambre administrative de la Cour supr&ecirc;me ?<\/b> <\/p>\n<p>Pour revenir sur les conclusions de l&rsquo;audience publique ordinaire du  jeudi 27 d&eacute;cembre 2012, et quand on lit l&rsquo;article 114 de la loi  N&deg;2006\/022 du 29 d&eacute;cembre 2006 fixant l&rsquo;organisation et le  fonctionnement des tribunaux administratifs au Cameroun, on se rend  compte de soi-m&ecirc;me que m&ecirc;me s&rsquo;il s&rsquo;agit d&rsquo;une d&eacute;cision, celle-ci est  ordinaire et susceptible d&rsquo;appel et de cassation. Par cons&eacute;quent, elle  n&rsquo;est pas d&eacute;finitive et l&rsquo;appel suspend l&rsquo;ex&eacute;cution du jugement. Pire  encore, et permettez que je le redise, il ne s&rsquo;agit pas ici ni d&rsquo;une  ordonnance, ni d&rsquo;un pourvoi. Cela &eacute;tant dit, esp&eacute;rer ainsi &eacute;branler la  d&eacute;termination des dirigeants de la Cmc dans leur croisade contre le  droit de l&rsquo;injustice est une vaine entreprise. Par cons&eacute;quent,  contrairement &agrave; certaines informations sans fondement qui participent de  la d&eacute;sinformation d&eacute;velopp&eacute;e &agrave; des fins inavou&eacute;es par les  professionnels de la bricole de la soi-disant Socam qui a &eacute;t&eacute; d&eacute;bout&eacute;e  par la Cour supr&ecirc;me, il est important de relever le retour &agrave; la  situation ante, donc toujours favorable &agrave; la Cmc. Qui veut cacher la  v&eacute;rit&eacute; ?    <\/p>\n<p>\n<b>Que va-t-il se passer en attendant que la Justice tranche ? La  Cmc devra&ndash;t-elle continuer &agrave; mener l&eacute;galement ses activit&eacute;s ou pas ?<\/b> <\/p>\n<p>Vous observez ma grande s&eacute;r&eacute;nit&eacute;. Et c&rsquo;est la m&ecirc;me qui&eacute;tude qui  caract&eacute;rise toute mon &eacute;quipe au lendemain du 27 d&eacute;cembre dernier. Contre  vents et mar&eacute;es et conform&eacute;ment aux d&eacute;cisions de justice et &agrave; la  l&eacute;gislation camerounaise qui r&eacute;git la gestion collective du droit  d&rsquo;auteur, la Cmc continue d&rsquo;assumer ses missions r&eacute;galiennes, nos  bureaux sont r&eacute;guli&egrave;rement ouverts et nos percepteurs, qui sont sur le  terrain, per&ccedil;oivent r&eacute;guli&egrave;rement les redevances du droit d&rsquo;auteur d&egrave;s  lors que les usagers nous font confiance. Et pour votre information, un  conseil d&rsquo;administration ordinaire de la Cmc est annonc&eacute; dans les  prochaines semaines.  <\/p>\n<p>\n<b>Apr&egrave;s cette d&eacute;cision de la Cour supr&ecirc;me, des soci&eacute;taires de la  Socam ont jubil&eacute; arguant de ce que la Cmc est morte et enterr&eacute;e. Quelle  lecture vous inspire une telle attitude ?<\/b> <\/p>\n<p>En fouillant dans les bas-fonds ex&eacute;crables et les manifestations de  l&rsquo;imaginaire en d&eacute;lire de ces h&eacute;rauts de la b&ecirc;tise et du d&eacute;nigrement et  dont les incongruit&eacute;s sont devenues cong&eacute;nitales, il ne serait pas de  trop que de dire que le ridicule ne tue pas au Cameroun. Faut-il encore  revenir sur cette v&eacute;rit&eacute; &eacute;vidente ? A la faveur de l&rsquo;audience publique  ordinaire du jeudi 27 d&eacute;cembre dernier, la soi-disant Socam a &eacute;t&eacute;  d&eacute;bout&eacute;e. Pour le droit et la justice, c&rsquo;est une pseudo-structure qui  est sans objet, donc non reconnue. Par cons&eacute;quent, elle restera  d&eacute;finitivement ill&eacute;gale. Au sujet justement de la mort et de  l&rsquo;enterrement de la Cmc, dit-on, le 27 d&eacute;cembre 2012, ce nouveau d&eacute;bat  naus&eacute;abond ne devrait-il pas interpeller le bon sens de tous ceux-l&agrave; qui  suivent avec attention l&rsquo;&eacute;volution de l&rsquo;affaire Cmc contre Mincult  depuis mai 2008 ? La Cmc aurait-elle d&eacute;cid&eacute;ment neuf vies comme le chat  pour continuer &agrave; survivre ? J&rsquo;aimerais savoir. Il a &eacute;t&eacute; dit que la Cmc  n&rsquo;existe plus depuis mai 2008. Il a &eacute;t&eacute; encore dit que la Cmc a &eacute;t&eacute;  dissoute dans un cirque mal con&ccedil;u &agrave; Monat&eacute;l&eacute; et m&ecirc;me liquid&eacute;e.  Seulement, comment comprendre qu&rsquo;une soci&eacute;t&eacute;, qui est dissoute,  c&rsquo;est-&agrave;-dire qui n&rsquo;existe plus, puisse encore compara&icirc;tre &agrave; la Chambre  administrative de la Cour supr&ecirc;me pour assurer la d&eacute;fense de ses  int&eacute;r&ecirc;ts? Ce n&rsquo;est pas ridicule &agrave; la fin pour nos d&eacute;tracteurs ? <\/p>\n<p>Et sur ce chapitre, il n&rsquo;est gu&egrave;re surabondant de faire observer  que, dans une logique d&rsquo;affabulation et d&rsquo;amalgame, une correspondance  de la plus haute autorit&eacute; du minist&egrave;re des Arts et de la culture avait  &eacute;t&eacute; adress&eacute;e, en date du 12 juillet, aux directeurs g&eacute;n&eacute;raux de la Sacem  et de la Cisac pour, dit-elle, &laquo; prendre acte de la dissolution de la  Cmc intervenue au cours de l&rsquo;assembl&eacute;e g&eacute;n&eacute;rale extraordinaire du 25  juin 2012 &agrave; Monat&eacute;l&eacute; &raquo;. Face &agrave; de telles contradictions ridicules  d&eacute;coulant d&rsquo;une attitude irresponsable et l&eacute;g&egrave;re, je pr&eacute;f&egrave;re me taire.  Vous comprenez donc que ces raisonnements de mauvaise foi d&eacute;velopp&eacute;s par  ces quidams de la Socam sont tr&egrave;s sp&eacute;cieux car dans le cadre de  l&rsquo;affaire Cmc-Mincult, il ne faut pas lire une d&eacute;cision accessoire de la  Chambre administrative de la Cour supr&ecirc;me de mani&egrave;re extractive,  partielle et partiale. Il faut l&rsquo;appr&eacute;hender avec toutes les autres dans  leur coh&eacute;rence et leur globalit&eacute;. Ainsi appr&eacute;hend&eacute;es, elles int&egrave;grent  davantage, au-del&agrave; du 27 d&eacute;cembre 2012, la l&eacute;galit&eacute; de la Cmc dans son  fonctionnement. Toutes choses qui devraient logiquement clore le d&eacute;bat  sur les fantasmes et les amalgames actuels.  <\/p>\n<p>\n<b>Sam Mbend&egrave; est-il toujours en course pour le poste de pr&eacute;sident  du conseil d&rsquo;administration de la Cmc ? Sinon, quand est-ce qu&rsquo;il va  passer le t&eacute;moin ?<\/b> <\/p>\n<p>Absolument pas. Conform&eacute;ment aux dispositions statutaires de la Cmc,  j&rsquo;avais droit &agrave; deux mandats et je ne compte pas me mettre en dehors du  droit. La Cmc vit une p&eacute;riode exceptionnelle au regard de l&rsquo;affaire qui  l&rsquo;oppose au minist&egrave;re des Arts et de la culture. Je pr&eacute;side la  transition &agrave; la demande du conseil d&rsquo;administration et d&egrave;s que celle-ci  est boucl&eacute;e, l&rsquo;organe dirigeant de la Cmc sera obligatoirement  renouvel&eacute;. <\/p>\n<p><b>Entretien avec <font color=\"red\">Alain NJIPOU<\/font><\/b><\/div>\n<p><span style=\"font-family: arial; font-size: 9pt; color: #CC3300;\">Alain NJIPOU<\/span> | <span style=\"font-family: arial; font-size: 9pt; color: #000000;\">Le Messager<\/span><\/p>\n","protected":false},"excerpt":{"rendered":"<p>\u00ab\u00a0Au regard de leur c\u00e9cit\u00e9 juridique, il se trouve que certains individus, englu\u00e9s dans la caverne t\u00e9n\u00e9breuse peupl\u00e9e d\u2019ombres, d\u2019illusions, ont cru devoir, dans leur masturbation intellectuelle, prendre malgr\u00e9 tout quelques libert\u00e9s avec des voies de droit en se livrant \u00e0 des insinuations malveillantes et regrettables laissant croire que la Cour supr\u00eame du Cameroun a [&hellip;]<\/p>\n","protected":false},"author":0,"featured_media":0,"comment_status":"open","ping_status":"open","sticky":false,"template":"","format":"standard","meta":{"_acf_changed":false,"footnotes":""},"categories":[],"tags":[],"adace-sponsor":[],"class_list":["post-4577","post","type-post","status-publish","format-standard","hentry"],"acf":[],"wps_subtitle":"","_links":{"self":[{"href":"https:\/\/camerfeeling.fr.fo\/fr\/wp-json\/wp\/v2\/posts\/4577","targetHints":{"allow":["GET"]}}],"collection":[{"href":"https:\/\/camerfeeling.fr.fo\/fr\/wp-json\/wp\/v2\/posts"}],"about":[{"href":"https:\/\/camerfeeling.fr.fo\/fr\/wp-json\/wp\/v2\/types\/post"}],"replies":[{"embeddable":true,"href":"https:\/\/camerfeeling.fr.fo\/fr\/wp-json\/wp\/v2\/comments?post=4577"}],"version-history":[{"count":0,"href":"https:\/\/camerfeeling.fr.fo\/fr\/wp-json\/wp\/v2\/posts\/4577\/revisions"}],"wp:attachment":[{"href":"https:\/\/camerfeeling.fr.fo\/fr\/wp-json\/wp\/v2\/media?parent=4577"}],"wp:term":[{"taxonomy":"category","embeddable":true,"href":"https:\/\/camerfeeling.fr.fo\/fr\/wp-json\/wp\/v2\/categories?post=4577"},{"taxonomy":"post_tag","embeddable":true,"href":"https:\/\/camerfeeling.fr.fo\/fr\/wp-json\/wp\/v2\/tags?post=4577"},{"taxonomy":"adace-sponsor","embeddable":true,"href":"https:\/\/camerfeeling.fr.fo\/fr\/wp-json\/wp\/v2\/adace-sponsor?post=4577"}],"curies":[{"name":"wp","href":"https:\/\/api.w.org\/{rel}","templated":true}]}}