{"id":6354,"date":"2008-11-07T19:13:00","date_gmt":"2008-11-07T18:13:00","guid":{"rendered":""},"modified":"-0001-11-30T00:00:00","modified_gmt":"-0001-11-29T22:00:00","slug":"1636","status":"publish","type":"post","link":"https:\/\/camerfeeling.fr.fo\/fr\/1636\/","title":{"rendered":"Yaound\u00e9 : Deux avocats accus\u00e9s de d\u00e9tournement"},"content":{"rendered":"\n\n\n<p><strong><font color=\"#000000\"><br \/><\/font><\/strong><\/p>\n<hr size=\"1\" color=\"#bbbbbb\" \/> <em>Jean-Paul Ebanda reproche aussi &agrave; Mes Minkoulou et Nkollo de ne pas avoir lev&eacute; le petit doigt pour lui &eacute;viter la prison.<br \/><em><strong> Patricia Ngo Ngouem <\/strong><\/em><\/em><\/p>\n<hr size=\"1\" color=\"#eeffee\" \/> Cela fait plus d&rsquo;une semaine que le d&eacute;nomm&eacute; Jean-Paul Ebanda est &eacute;crou&eacute; &agrave; la prison centrale de Yaound&eacute;. Ce septuag&eacute;naire, pr&eacute;sent&eacute; comme un propri&eacute;taire terrien, a &eacute;t&eacute; plac&eacute; sous mandat de d&eacute;p&ocirc;t &agrave; Kondengui le 29 octobre dernier dans une affaire l&rsquo;opposant &agrave; un certain Augustin Yeguel. Ce dernier lui aurait vers&eacute; 1.850.000 Fcfa pour l&rsquo;achat d&rsquo;une parcelle de terrain en 2005. Ce que confirme le fr&egrave;re cadet du pr&eacute;venu Dieudonn&eacute; Belibi, qui reste n&eacute;anmoins convaincu de l&rsquo;innocence de son fr&egrave;re. Car, dit-il, &quot;la vente n&rsquo;ayant pas &eacute;t&eacute; conclue, l&rsquo;argent a &eacute;t&eacute; donn&eacute; &agrave; Me Minkoulou pour qu&rsquo;il le remette au concern&eacute;, mon fr&egrave;re ayant revendu le terrain&quot;. Soulignant que c&rsquo;est Me M&eacute;dard Nkollo, alors stagiaire au cabinet de Me Minkoulou, qui a per&ccedil;u ladite somme au nom de ce dernier, aux fins de la &quot;restituer&quot; &agrave; M.Yeguel.<\/p>\n<p>Dans la famille Ebanda, on pensait donc que l&rsquo;argent avait &quot;r&eacute;ellement&quot; &eacute;t&eacute; remis et que &quot;l&rsquo;affaire avait &eacute;t&eacute; r&eacute;gl&eacute;e&quot;. Jusqu&rsquo;en septembre dernier &#8211; soit trois ans apr&egrave;s les faits-lorsque M. Ebanda re&ccedil;oit une convocation de la gendarmerie de Nkolmesseng &agrave; laquelle il va r&eacute;pondre. Ne s&rsquo;attendant pas &agrave; &ecirc;tre gard&eacute; &agrave; vue, d&eacute;f&eacute;r&eacute; au parquet d&rsquo;instance d&rsquo;Ekounou puis plac&eacute; &agrave; Kondengui, &quot;malgr&eacute; son &eacute;t&eacute; de sant&eacute; fragile&quot; s&rsquo;inqui&egrave;te sa famille qui pointe un doigt accusateur sur les avocats. &quot;Je crois qu&rsquo;il [Me Minkoulou] a d&eacute;j&agrave; utilis&eacute; cet argent. C&rsquo;est pour cela qu&rsquo;il ne veut pas le rendre&quot;, avance M. Belibi, laissant entendre qu&rsquo;une convocation a &eacute;t&eacute; servie &agrave; ce dernier, le sommant de rendre cet argent. &quot;J&rsquo;ai toujours cet argent. M. Yeguel ne s&rsquo;est jamais pr&eacute;sent&eacute; &agrave; mon cabinet, se d&eacute;fend le principal mis en cause. &quot; &quot;J&rsquo;ai &eacute;t&eacute; pris de cours quand j&rsquo;ai appris que mon client se trouvait sous mandat de d&eacute;p&ocirc;t&quot;, ajoute-t-il.<\/p>\n<p>Faux, r&eacute;torque-t-on de l&rsquo;autre c&ocirc;t&eacute;. &quot;Aucun des deux ne s&rsquo;est pr&eacute;sent&eacute; ni &agrave; la brigade ni au parquet, alors que je les avais appel&eacute;s apr&egrave;s l&rsquo;interpellation de mon fr&egrave;re. Me Minkoulou a pass&eacute; son temps &agrave; nous donner des rendez-vous qu&rsquo;il n&rsquo;honorait pas et le t&eacute;l&eacute;phone de Me Nkollo ne passait plus!&quot;. Si ce dernier dit avoir re&ccedil;u ladite somme contre une d&eacute;charge, il se refuse &agrave; tout autre commentaire. <br \/>&quot;Je ne leur ai jamais donn&eacute; de faux rendez-vous. J&rsquo;ai envoy&eacute; mon collaborateur &agrave; la brigade et il a appris que dans cette affaire, c&rsquo;est une femme, Marie Ngo Makita, qui avait port&eacute; plainte contre mon client. J&rsquo;ignore tout de cette affaire. Vu que je g&egrave;re le dossier Yeguel, j&rsquo;attendais donc qu&rsquo;ils me constituent. On n&rsquo;a pas un contrat comme avec des entreprises. Si j&rsquo;avais &eacute;t&eacute; constitu&eacute;, &ccedil;a lui aurait peut-&ecirc;tre &eacute;vit&eacute; de se retrouver en prison&quot;, assure Me Minkoulou. <\/p>\n<p>Tandis qu&rsquo;en face, on soutient le contraire, affirmant que les deux avocats savaient que la femme en question &eacute;tait l&rsquo;&eacute;pouse de M. Yeguel et qu&rsquo;on leur avait demand&eacute; de &quot;reverser cet argent &agrave; cette dame&quot;. Ainsi, face &agrave; l&rsquo; &quot;insouciance de ces hommes de loi&quot; qui, laisse-t-on entendre, n&rsquo;ont fait aucun geste pour porter assistance &agrave; M. Ebanda, la famille a-t-elle d&eacute;pos&eacute; une plainte vendredi dernier aupr&egrave;s de l&rsquo;Ordre national des avocats. &quot;Mon seul souhait, c&rsquo;est que mon fr&egrave;re ne croupisse pas en prison&quot;, d&eacute;clare M Belibi, se rappelant encore que ce dernier avait d&eacute;j&agrave; purg&eacute; une peine d&rsquo;un an dans une autre affaire de terrain.<\/p>\n","protected":false},"excerpt":{"rendered":"<p>Jean-Paul Ebanda reproche aussi &agrave; Mes Minkoulou et Nkollo de ne pas avoir lev&eacute; le petit doigt pour lui &eacute;viter la prison. Patricia Ngo Ngouem Cela fait plus d&rsquo;une semaine que le d&eacute;nomm&eacute; Jean-Paul Ebanda est &eacute;crou&eacute; &agrave; la prison centrale de Yaound&eacute;. Ce septuag&eacute;naire, pr&eacute;sent&eacute; comme un propri&eacute;taire terrien, a &eacute;t&eacute; plac&eacute; sous mandat [&hellip;]<\/p>\n","protected":false},"author":1,"featured_media":0,"comment_status":"open","ping_status":"open","sticky":false,"template":"","format":"standard","meta":{"_acf_changed":false,"footnotes":""},"categories":[],"tags":[],"adace-sponsor":[],"class_list":["post-6354","post","type-post","status-publish","format-standard","hentry"],"acf":[],"wps_subtitle":"","_links":{"self":[{"href":"https:\/\/camerfeeling.fr.fo\/fr\/wp-json\/wp\/v2\/posts\/6354","targetHints":{"allow":["GET"]}}],"collection":[{"href":"https:\/\/camerfeeling.fr.fo\/fr\/wp-json\/wp\/v2\/posts"}],"about":[{"href":"https:\/\/camerfeeling.fr.fo\/fr\/wp-json\/wp\/v2\/types\/post"}],"author":[{"embeddable":true,"href":"https:\/\/camerfeeling.fr.fo\/fr\/wp-json\/wp\/v2\/users\/1"}],"replies":[{"embeddable":true,"href":"https:\/\/camerfeeling.fr.fo\/fr\/wp-json\/wp\/v2\/comments?post=6354"}],"version-history":[{"count":0,"href":"https:\/\/camerfeeling.fr.fo\/fr\/wp-json\/wp\/v2\/posts\/6354\/revisions"}],"wp:attachment":[{"href":"https:\/\/camerfeeling.fr.fo\/fr\/wp-json\/wp\/v2\/media?parent=6354"}],"wp:term":[{"taxonomy":"category","embeddable":true,"href":"https:\/\/camerfeeling.fr.fo\/fr\/wp-json\/wp\/v2\/categories?post=6354"},{"taxonomy":"post_tag","embeddable":true,"href":"https:\/\/camerfeeling.fr.fo\/fr\/wp-json\/wp\/v2\/tags?post=6354"},{"taxonomy":"adace-sponsor","embeddable":true,"href":"https:\/\/camerfeeling.fr.fo\/fr\/wp-json\/wp\/v2\/adace-sponsor?post=6354"}],"curies":[{"name":"wp","href":"https:\/\/api.w.org\/{rel}","templated":true}]}}