{"id":7037,"date":"2011-02-17T14:19:45","date_gmt":"2011-02-17T13:19:45","guid":{"rendered":""},"modified":"-0001-11-30T00:00:00","modified_gmt":"-0001-11-29T22:00:00","slug":"2328","status":"publish","type":"post","link":"https:\/\/camerfeeling.fr.fo\/fr\/2328\/","title":{"rendered":"D\u00e9nouement : Les 13 otages de Bakassi lib\u00e9r\u00e9s"},"content":{"rendered":"\n\n\n<p>&nbsp;<\/p>\n<p><span class=\"13aria\"> Le sous pr&eacute;fet de Kombo Abedimo et ses compagnons d&rsquo;infortune ont recouvr&eacute; la libert&eacute;.<\/p>\n<p>La  nouvelle n&rsquo;&eacute;tait toujours pas officiellement rendue public hier soir au  moment o&ugrave; nous allions sous presse. Mais des informations puis&eacute;es &agrave;  bonne source indiquaient que le sous pr&eacute;fet de l&rsquo;arrondissement de Kombo  Abedimo dans le d&eacute;partement du Ndian, M. Ayuk Edward Takor, et ses  douze compagnons (dont le commissaire de s&eacute;curit&eacute; publique de la m&ecirc;me  localit&eacute;, du commissaire sp&eacute;cial, du 1er adjoint au maire commissaire de  s&eacute;curit&eacute; publique de la m&ecirc;me localit&eacute;, du commissaire sp&eacute;cial, du 1er  adjoint au maire d&rsquo;Akwa) qui &eacute;taient retenus en otage depuis le 7  f&eacute;vrier 2011 ont finalement recouvr&eacute; la libert&eacute; avant-hier soir. M&ecirc;me si  les m&ecirc;mes sources laissent entendre que quelques uns des otages sont  revenus de leur capture bless&eacute;s.<br \/>\nDifficile tout de m&ecirc;me d&rsquo;en savoir  plus sur les conditions de la lib&eacute;ration de ces 13 personnes qui sont  rest&eacute;es en captivit&eacute; plus d&rsquo;une semaine. Beaucoup de confusions  &eacute;galement sur les moyens utilis&eacute;s pour parvenir &agrave; ce d&eacute;nouement heureux.  <\/p>\n<p>Si certaines sources laissaient entendre qu&rsquo;un &eacute;change de  prisonniers aurait eu lieu entre les autorit&eacute;s camerounaises et les  ravisseurs (dont deux des leurs &eacute;taient d&eacute;tenus &agrave; Buea) avec une  possibilit&eacute; de paiement de ran&ccedil;on comme l&rsquo;exigeaient les ravisseurs,  alors que d&rsquo;autres indiquent que cal serait survenu apr&egrave;s une  intervention des &eacute;l&eacute;ments du Bataillon d&rsquo;intervention rapide (Bir).<br \/>\nAutre  information  que nous avons &eacute;galement pu glaner hier, c&rsquo;est que les  ravisseurs seraient membres de l&rsquo;ethnie Ijaws dans l&rsquo;Etat de Bayalsa au  Nigeria. Les m&ecirc;mes qui sont tr&egrave;s actifs dans le Delta du Niger. Joint  hier soir, le ministre de la Communication indiquait ne pas avoir  suffisamment d&rsquo;informations sur l&rsquo;&eacute;volution de la situation, bien que  nos sources annon&ccedil;aient que les personnes lib&eacute;r&eacute;es &eacute;taient convoy&eacute;es en  ce moment l&agrave; vers Yaound&eacute; o&ugrave; elles ont &eacute;t&eacute; mises &agrave; l&rsquo;abri dans des  locaux s&eacute;curis&eacute;s. Une communication gouvernementale sur le sujet est  attendue ce jour ici m&ecirc;me dans la capitale pour la pr&eacute;sentation des  faits.<\/p>\n<p><b>100 millions de francs <\/b><br \/>\nUne prise d&rsquo;otages, avec  &agrave; la cl&eacute; la mort de deux gendarmes dont le commandant de la brigade de  gendarmerie de Mbonjo, qui avait amen&eacute; le pr&eacute;sident de la R&eacute;publique M.  Paul Biya &agrave; interrompre son s&eacute;jour priv&eacute; en Europe pour la gestion d&rsquo;une  crise qui conna&icirc;t aujourd&rsquo;hui un d&eacute;nouement heureux pour de nombreuses  familles camerounaises et pour l&rsquo;image m&ecirc;me de notre pays. <br \/>\nDans sa  communication face &agrave; la presse en fin de semaine derni&egrave;re, le ministre  de la Communication Issa Tchiroma Bakary avait notamment indiqu&eacute; que le  chef de l&rsquo;Etat avait prescrit &laquo;la mise en &oelig;uvre de tous les moyens  l&eacute;gaux, aux fins de la lib&eacute;ration dans les meilleurs d&eacute;lais des otages&raquo;.  <\/p>\n<p>On se rappelle &eacute;galement que les Bakassi freedom fighters (Bbf)  dont l&rsquo;un des d&eacute;membrements avait revendiqu&eacute; le rapt du sous pr&eacute;fet et  de ses collaborateurs, avait exig&eacute; du gouvernement camerounais, le  paiement d&rsquo;une ran&ccedil;on, soit la somme de 100 millions de francs par  personne enlev&eacute;e. Une nouvelle que n&rsquo;a pas pu confirm&eacute; le porte parole  du gouvernement lors de sa rencontre avec la presse mercredi 9 f&eacute;vrier  dernier dans les locaux de son minist&egrave;re.<br \/>\nAu sein des familles des  concern&eacute;s, dans l&rsquo;opinion camerounaise en g&eacute;n&eacute;ral, l&rsquo;on ne pouvait que  se f&eacute;liciter de l&rsquo;issue heureuse de cet enl&egrave;vement, quand on se rappelle  encore que Fonya F&eacute;lix Morfan, le pr&eacute;d&eacute;cesseur de Ayuk Edward Takor &agrave;  la t&ecirc;te de l&rsquo;arrondissement de Kombo Abedimo et six membres de sa suite  dont un officier sup&eacute;rieur de nos forces arm&eacute;es avaient connu une fin  tragique dans les m&ecirc;mes circonstances en juin 2008. Ils avaient  froidement &eacute;t&eacute; abattus et leurs d&eacute;pouilles abandonn&eacute;es dans les  mangroves de cette r&eacute;gion.<\/p>\n<p><i>Jean Francis Belibi<\/i> <\/span><\/p>\n","protected":false},"excerpt":{"rendered":"<p>&nbsp; Le sous pr&eacute;fet de Kombo Abedimo et ses compagnons d&rsquo;infortune ont recouvr&eacute; la libert&eacute;. La nouvelle n&rsquo;&eacute;tait toujours pas officiellement rendue public hier soir au moment o&ugrave; nous allions sous presse. Mais des informations puis&eacute;es &agrave; bonne source indiquaient que le sous pr&eacute;fet de l&rsquo;arrondissement de Kombo Abedimo dans le d&eacute;partement du Ndian, M. [&hellip;]<\/p>\n","protected":false},"author":1,"featured_media":0,"comment_status":"open","ping_status":"open","sticky":false,"template":"","format":"standard","meta":{"_acf_changed":false,"footnotes":""},"categories":[],"tags":[],"adace-sponsor":[],"class_list":["post-7037","post","type-post","status-publish","format-standard","hentry"],"acf":[],"wps_subtitle":"","_links":{"self":[{"href":"https:\/\/camerfeeling.fr.fo\/fr\/wp-json\/wp\/v2\/posts\/7037","targetHints":{"allow":["GET"]}}],"collection":[{"href":"https:\/\/camerfeeling.fr.fo\/fr\/wp-json\/wp\/v2\/posts"}],"about":[{"href":"https:\/\/camerfeeling.fr.fo\/fr\/wp-json\/wp\/v2\/types\/post"}],"author":[{"embeddable":true,"href":"https:\/\/camerfeeling.fr.fo\/fr\/wp-json\/wp\/v2\/users\/1"}],"replies":[{"embeddable":true,"href":"https:\/\/camerfeeling.fr.fo\/fr\/wp-json\/wp\/v2\/comments?post=7037"}],"version-history":[{"count":0,"href":"https:\/\/camerfeeling.fr.fo\/fr\/wp-json\/wp\/v2\/posts\/7037\/revisions"}],"wp:attachment":[{"href":"https:\/\/camerfeeling.fr.fo\/fr\/wp-json\/wp\/v2\/media?parent=7037"}],"wp:term":[{"taxonomy":"category","embeddable":true,"href":"https:\/\/camerfeeling.fr.fo\/fr\/wp-json\/wp\/v2\/categories?post=7037"},{"taxonomy":"post_tag","embeddable":true,"href":"https:\/\/camerfeeling.fr.fo\/fr\/wp-json\/wp\/v2\/tags?post=7037"},{"taxonomy":"adace-sponsor","embeddable":true,"href":"https:\/\/camerfeeling.fr.fo\/fr\/wp-json\/wp\/v2\/adace-sponsor?post=7037"}],"curies":[{"name":"wp","href":"https:\/\/api.w.org\/{rel}","templated":true}]}}